{"id":57639,"date":"2026-05-01T21:43:30","date_gmt":"2026-05-02T02:43:30","guid":{"rendered":"https:\/\/racedaysa.com\/?p=57639"},"modified":"2026-05-01T21:48:20","modified_gmt":"2026-05-02T02:48:20","slug":"photos-nascar-oreilly-auto-parts-series-qualifying-friday-at-texas-motor-speedway","status":"publish","type":"post","link":"http:\/\/racedaysa.com\/index.php\/2026\/05\/01\/photos-nascar-oreilly-auto-parts-series-qualifying-friday-at-texas-motor-speedway\/","title":{"rendered":"Photo gallery: NASCAR O&#8217;Reilly Auto Parts Series qualifying Friday at Texas Motor Speedway"},"content":{"rendered":"<p>FORT WORTH,&nbsp; Texas &#8211; Photos from Friday&#8217;s NASCAR O&#8217;Reilly Auto Parts Series qualifying at Texas Motor Speedway.<\/p>\n<p>All photos are provided courtesy of Michael C. Johnson.<\/p>\n<div id=\"attachment_57693\" style=\"width: 650px\" class=\"wp-caption aligncenter\"><img data-recalc-dims=\"1\" loading=\"lazy\" decoding=\"async\" data-attachment-id=\"57693\" data-permalink=\"http:\/\/racedaysa.com\/index.php\/2026\/05\/01\/photos-nascar-oreilly-auto-parts-series-qualifying-friday-at-texas-motor-speedway\/nascar-nascar-oreilly-series-at-texas-motor-speedway-52\/\" data-orig-file=\"https:\/\/i0.wp.com\/racedaysa.com\/wp-content\/uploads\/2026\/05\/CN5C7968a-scaled.jpg?fit=2560%2C1707\" data-orig-size=\"2560,1707\" data-comments-opened=\"0\" data-image-meta=\"{&quot;aperture&quot;:&quot;2.8&quot;,&quot;credit&quot;:&quot;Michael C. Johnson&quot;,&quot;camera&quot;:&quot;Canon EOS-1D Mark IV&quot;,&quot;caption&quot;:&quot;April 1, 2026; Ft. Worth, Texas, USA;  A general view of the trophies for race weekend at Texas Motor Speedway.   Photo Credit: Michael C. Johnson&quot;,&quot;created_timestamp&quot;:&quot;1777662348&quot;,&quot;copyright&quot;:&quot;Michael C. Johnson&quot;,&quot;focal_length&quot;:&quot;24&quot;,&quot;iso&quot;:&quot;6400&quot;,&quot;shutter_speed&quot;:&quot;0.0004&quot;,&quot;title&quot;:&quot;NASCAR: NASCAR O;Reilly Series at Texas Motor Speedway&quot;,&quot;orientation&quot;:&quot;1&quot;}\" data-image-title=\"NASCAR: NASCAR O;Reilly Series at Texas Motor Speedway\" data-image-description=\"\" data-image-caption=\"&lt;p&gt;April 1, 2026; Ft. Worth, Texas, USA;  A general view of the trophies for race weekend at Texas Motor Speedway.   Photo Credit: Michael C. Johnson&lt;\/p&gt;\n\" data-large-file=\"https:\/\/i0.wp.com\/racedaysa.com\/wp-content\/uploads\/2026\/05\/CN5C7968a-scaled.jpg?fit=640%2C427\" aria-describedby=\"caption-attachment-57693\" class=\"size-large wp-image-57693\" src=\"https:\/\/i0.wp.com\/racedaysa.com\/wp-content\/uploads\/2026\/05\/CN5C7968a.jpg?resize=640%2C427\" alt=\"\" width=\"640\" height=\"427\" srcset=\"https:\/\/i0.wp.com\/racedaysa.com\/wp-content\/uploads\/2026\/05\/CN5C7968a-scaled.jpg?resize=640%2C427 640w, https:\/\/i0.wp.com\/racedaysa.com\/wp-content\/uploads\/2026\/05\/CN5C7968a-scaled.jpg?resize=300%2C200 300w, https:\/\/i0.wp.com\/racedaysa.com\/wp-content\/uploads\/2026\/05\/CN5C7968a-scaled.jpg?resize=768%2C512 768w, https:\/\/i0.wp.com\/racedaysa.com\/wp-content\/uploads\/2026\/05\/CN5C7968a-scaled.jpg?resize=1536%2C1024 1536w, https:\/\/i0.wp.com\/racedaysa.com\/wp-content\/uploads\/2026\/05\/CN5C7968a-scaled.jpg?resize=2048%2C1365 2048w, https:\/\/i0.wp.com\/racedaysa.com\/wp-content\/uploads\/2026\/05\/CN5C7968a-scaled.jpg?resize=284%2C190 284w, https:\/\/i0.wp.com\/racedaysa.com\/wp-content\/uploads\/2026\/05\/CN5C7968a-scaled.jpg?resize=99%2C66 99w\" sizes=\"auto, (max-width: 640px) 100vw, 640px\" \/><p id=\"caption-attachment-57693\" class=\"wp-caption-text\">April 1, 2026; Ft. Worth, Texas, USA; A general view of the trophies for race weekend at Texas Motor Speedway. Photo Credit: Michael C. Johnson<\/p><\/div>\n<p>&nbsp;<\/p>\n<div id=\"attachment_57692\" style=\"width: 650px\" class=\"wp-caption aligncenter\"><img data-recalc-dims=\"1\" loading=\"lazy\" decoding=\"async\" data-attachment-id=\"57692\" data-permalink=\"http:\/\/racedaysa.com\/index.php\/2026\/05\/01\/photos-nascar-oreilly-auto-parts-series-qualifying-friday-at-texas-motor-speedway\/nascar-nascar-oreilly-series-at-texas-motor-speedway-51\/\" data-orig-file=\"https:\/\/i0.wp.com\/racedaysa.com\/wp-content\/uploads\/2026\/05\/CN5C7963a-scaled.jpg?fit=2560%2C1707\" data-orig-size=\"2560,1707\" data-comments-opened=\"0\" data-image-meta=\"{&quot;aperture&quot;:&quot;3.2&quot;,&quot;credit&quot;:&quot;Michael C. Johnson&quot;,&quot;camera&quot;:&quot;Canon EOS-1D Mark IV&quot;,&quot;caption&quot;:&quot;April 1, 2026; Ft. Worth, Texas, USA;  A general view of the tunnel at Texas Motor Speedway during practice for the 22nd Annual Andy\\u00d5s Frozen Custard 340.    Photo Credit: Michael C. Johnson&quot;,&quot;created_timestamp&quot;:&quot;1777661094&quot;,&quot;copyright&quot;:&quot;Michael C. Johnson&quot;,&quot;focal_length&quot;:&quot;24&quot;,&quot;iso&quot;:&quot;6400&quot;,&quot;shutter_speed&quot;:&quot;0.00125&quot;,&quot;title&quot;:&quot;NASCAR: NASCAR O;Reilly Series at Texas Motor Speedway&quot;,&quot;orientation&quot;:&quot;1&quot;}\" data-image-title=\"NASCAR: NASCAR O;Reilly Series at Texas Motor Speedway\" data-image-description=\"\" data-image-caption=\"&lt;p&gt;April 1, 2026; Ft. Worth, Texas, USA;  A general view of the tunnel at Texas Motor Speedway during practice for the 22nd Annual Andy\u00d5s Frozen Custard 340.    Photo Credit: Michael C. Johnson&lt;\/p&gt;\n\" data-large-file=\"https:\/\/i0.wp.com\/racedaysa.com\/wp-content\/uploads\/2026\/05\/CN5C7963a-scaled.jpg?fit=640%2C427\" aria-describedby=\"caption-attachment-57692\" class=\"size-large wp-image-57692\" src=\"https:\/\/i0.wp.com\/racedaysa.com\/wp-content\/uploads\/2026\/05\/CN5C7963a.jpg?resize=640%2C427\" alt=\"\" width=\"640\" height=\"427\" srcset=\"https:\/\/i0.wp.com\/racedaysa.com\/wp-content\/uploads\/2026\/05\/CN5C7963a-scaled.jpg?resize=640%2C427 640w, https:\/\/i0.wp.com\/racedaysa.com\/wp-content\/uploads\/2026\/05\/CN5C7963a-scaled.jpg?resize=300%2C200 300w, https:\/\/i0.wp.com\/racedaysa.com\/wp-content\/uploads\/2026\/05\/CN5C7963a-scaled.jpg?resize=768%2C512 768w, https:\/\/i0.wp.com\/racedaysa.com\/wp-content\/uploads\/2026\/05\/CN5C7963a-scaled.jpg?resize=1536%2C1024 1536w, https:\/\/i0.wp.com\/racedaysa.com\/wp-content\/uploads\/2026\/05\/CN5C7963a-scaled.jpg?resize=2048%2C1365 2048w, https:\/\/i0.wp.com\/racedaysa.com\/wp-content\/uploads\/2026\/05\/CN5C7963a-scaled.jpg?resize=284%2C190 284w, https:\/\/i0.wp.com\/racedaysa.com\/wp-content\/uploads\/2026\/05\/CN5C7963a-scaled.jpg?resize=99%2C66 99w\" sizes=\"auto, (max-width: 640px) 100vw, 640px\" \/><p id=\"caption-attachment-57692\" class=\"wp-caption-text\">April 1, 2026; Ft. Worth, Texas, USA; A general view of the tunnel at Texas Motor Speedway during practice for the 22nd Annual Andy\u00d5s Frozen Custard 340. Photo Credit: Michael C. Johnson<\/p><\/div>\n<p>&nbsp;<\/p>\n<div id=\"attachment_57691\" style=\"width: 650px\" class=\"wp-caption aligncenter\"><img data-recalc-dims=\"1\" loading=\"lazy\" decoding=\"async\" data-attachment-id=\"57691\" data-permalink=\"http:\/\/racedaysa.com\/index.php\/2026\/05\/01\/photos-nascar-oreilly-auto-parts-series-qualifying-friday-at-texas-motor-speedway\/nascar-nascar-oreilly-series-at-texas-motor-speedway-50\/\" data-orig-file=\"https:\/\/i0.wp.com\/racedaysa.com\/wp-content\/uploads\/2026\/05\/32_6856a.jpg?fit=2053%2C1368\" data-orig-size=\"2053,1368\" data-comments-opened=\"0\" data-image-meta=\"{&quot;aperture&quot;:&quot;10&quot;,&quot;credit&quot;:&quot;Michael C. Johnson&quot;,&quot;camera&quot;:&quot;Canon EOS R3&quot;,&quot;caption&quot;:&quot;April 1, 2026; Ft. Worth, Texas, USA;  NASCAR O\\u00d5Reilly Auto Parts Series driver Rajah Caruth (32) during practice for the 22nd Annual Andy\\u00d5s Frozen Custard 340 race at Texas Motor Speedway.   Photo Credit: Michael C. Johnson&quot;,&quot;created_timestamp&quot;:&quot;1777674561&quot;,&quot;copyright&quot;:&quot;Michael C. Johnson&quot;,&quot;focal_length&quot;:&quot;120&quot;,&quot;iso&quot;:&quot;800&quot;,&quot;shutter_speed&quot;:&quot;0.0015625&quot;,&quot;title&quot;:&quot;NASCAR: NASCAR O;Reilly Series at Texas Motor Speedway&quot;,&quot;orientation&quot;:&quot;1&quot;}\" data-image-title=\"NASCAR: NASCAR O;Reilly Series at Texas Motor Speedway\" data-image-description=\"\" data-image-caption=\"&lt;p&gt;April 1, 2026; Ft. Worth, Texas, USA;  NASCAR O\u00d5Reilly Auto Parts Series driver Rajah Caruth (32) during practice for the 22nd Annual Andy\u00d5s Frozen Custard 340 race at Texas Motor Speedway.   Photo Credit: Michael C. Johnson&lt;\/p&gt;\n\" data-large-file=\"https:\/\/i0.wp.com\/racedaysa.com\/wp-content\/uploads\/2026\/05\/32_6856a.jpg?fit=640%2C426\" aria-describedby=\"caption-attachment-57691\" class=\"size-large wp-image-57691\" src=\"https:\/\/i0.wp.com\/racedaysa.com\/wp-content\/uploads\/2026\/05\/32_6856a.jpg?resize=640%2C426\" alt=\"\" width=\"640\" height=\"426\" srcset=\"https:\/\/i0.wp.com\/racedaysa.com\/wp-content\/uploads\/2026\/05\/32_6856a.jpg?resize=640%2C426 640w, https:\/\/i0.wp.com\/racedaysa.com\/wp-content\/uploads\/2026\/05\/32_6856a.jpg?resize=300%2C200 300w, https:\/\/i0.wp.com\/racedaysa.com\/wp-content\/uploads\/2026\/05\/32_6856a.jpg?resize=768%2C512 768w, https:\/\/i0.wp.com\/racedaysa.com\/wp-content\/uploads\/2026\/05\/32_6856a.jpg?resize=1536%2C1024 1536w, https:\/\/i0.wp.com\/racedaysa.com\/wp-content\/uploads\/2026\/05\/32_6856a.jpg?resize=2048%2C1365 2048w, https:\/\/i0.wp.com\/racedaysa.com\/wp-content\/uploads\/2026\/05\/32_6856a.jpg?resize=284%2C190 284w, https:\/\/i0.wp.com\/racedaysa.com\/wp-content\/uploads\/2026\/05\/32_6856a.jpg?resize=99%2C66 99w\" sizes=\"auto, (max-width: 640px) 100vw, 640px\" \/><p id=\"caption-attachment-57691\" class=\"wp-caption-text\">April 1, 2026; Ft. Worth, Texas, USA; NASCAR O\u00d5Reilly Auto Parts Series driver Rajah Caruth (32) during practice for the 22nd Annual Andy\u00d5s Frozen Custard 340 race at Texas Motor Speedway. Photo Credit: Michael C. Johnson<\/p><\/div>\n<p>&nbsp;<\/p>\n<div id=\"attachment_57690\" style=\"width: 650px\" class=\"wp-caption aligncenter\"><img data-recalc-dims=\"1\" loading=\"lazy\" decoding=\"async\" data-attachment-id=\"57690\" data-permalink=\"http:\/\/racedaysa.com\/index.php\/2026\/05\/01\/photos-nascar-oreilly-auto-parts-series-qualifying-friday-at-texas-motor-speedway\/nascar-nascar-oreilly-series-at-texas-motor-speedway-49\/\" data-orig-file=\"https:\/\/i0.wp.com\/racedaysa.com\/wp-content\/uploads\/2026\/05\/32_6833a-scaled.jpg?fit=2560%2C1706\" data-orig-size=\"2560,1706\" data-comments-opened=\"0\" data-image-meta=\"{&quot;aperture&quot;:&quot;11&quot;,&quot;credit&quot;:&quot;Michael C. Johnson&quot;,&quot;camera&quot;:&quot;Canon EOS R3&quot;,&quot;caption&quot;:&quot;April 1, 2026; Ft. Worth, Texas, USA;  NASCAR O\\u00d5Reilly Auto Parts Series driver David Starr (53)during practice for the 22nd Annual Andy\\u00d5s Frozen Custard 340 race at Texas Motor Speedway.   Photo Credit: Michael C. Johnson&quot;,&quot;created_timestamp&quot;:&quot;1777674384&quot;,&quot;copyright&quot;:&quot;Michael C. Johnson&quot;,&quot;focal_length&quot;:&quot;210&quot;,&quot;iso&quot;:&quot;800&quot;,&quot;shutter_speed&quot;:&quot;0.0015625&quot;,&quot;title&quot;:&quot;NASCAR: NASCAR O;Reilly Series at Texas Motor Speedway&quot;,&quot;orientation&quot;:&quot;1&quot;}\" data-image-title=\"NASCAR: NASCAR O;Reilly Series at Texas Motor Speedway\" data-image-description=\"\" data-image-caption=\"&lt;p&gt;April 1, 2026; Ft. Worth, Texas, USA;  NASCAR O\u00d5Reilly Auto Parts Series driver David Starr (53)during practice for the 22nd Annual Andy\u00d5s Frozen Custard 340 race at Texas Motor Speedway.   Photo Credit: Michael C. Johnson&lt;\/p&gt;\n\" data-large-file=\"https:\/\/i0.wp.com\/racedaysa.com\/wp-content\/uploads\/2026\/05\/32_6833a-scaled.jpg?fit=640%2C427\" aria-describedby=\"caption-attachment-57690\" class=\"size-large wp-image-57690\" src=\"https:\/\/i0.wp.com\/racedaysa.com\/wp-content\/uploads\/2026\/05\/32_6833a.jpg?resize=640%2C427\" alt=\"\" width=\"640\" height=\"427\" srcset=\"https:\/\/i0.wp.com\/racedaysa.com\/wp-content\/uploads\/2026\/05\/32_6833a-scaled.jpg?resize=640%2C427 640w, https:\/\/i0.wp.com\/racedaysa.com\/wp-content\/uploads\/2026\/05\/32_6833a-scaled.jpg?resize=300%2C200 300w, https:\/\/i0.wp.com\/racedaysa.com\/wp-content\/uploads\/2026\/05\/32_6833a-scaled.jpg?resize=768%2C512 768w, https:\/\/i0.wp.com\/racedaysa.com\/wp-content\/uploads\/2026\/05\/32_6833a-scaled.jpg?resize=1536%2C1024 1536w, https:\/\/i0.wp.com\/racedaysa.com\/wp-content\/uploads\/2026\/05\/32_6833a-scaled.jpg?resize=2048%2C1365 2048w, https:\/\/i0.wp.com\/racedaysa.com\/wp-content\/uploads\/2026\/05\/32_6833a-scaled.jpg?resize=284%2C190 284w, https:\/\/i0.wp.com\/racedaysa.com\/wp-content\/uploads\/2026\/05\/32_6833a-scaled.jpg?resize=99%2C66 99w\" sizes=\"auto, (max-width: 640px) 100vw, 640px\" \/><p id=\"caption-attachment-57690\" class=\"wp-caption-text\">April 1, 2026; Ft. Worth, Texas, USA; NASCAR O\u00d5Reilly Auto Parts Series driver David Starr (53)during practice for the 22nd Annual Andy\u00d5s Frozen Custard 340 race at Texas Motor Speedway. Photo Credit: Michael C. Johnson<\/p><\/div>\n<p>&nbsp;<\/p>\n<div id=\"attachment_57689\" style=\"width: 650px\" class=\"wp-caption aligncenter\"><img data-recalc-dims=\"1\" loading=\"lazy\" decoding=\"async\" data-attachment-id=\"57689\" data-permalink=\"http:\/\/racedaysa.com\/index.php\/2026\/05\/01\/photos-nascar-oreilly-auto-parts-series-qualifying-friday-at-texas-motor-speedway\/nascar-nascar-oreilly-series-at-texas-motor-speedway-48\/\" data-orig-file=\"https:\/\/i0.wp.com\/racedaysa.com\/wp-content\/uploads\/2026\/05\/32_6811a-scaled.jpg?fit=2560%2C1706\" data-orig-size=\"2560,1706\" data-comments-opened=\"0\" data-image-meta=\"{&quot;aperture&quot;:&quot;11&quot;,&quot;credit&quot;:&quot;Michael C. Johnson&quot;,&quot;camera&quot;:&quot;Canon EOS R3&quot;,&quot;caption&quot;:&quot;April 1, 2026; Ft. Worth, Texas, USA;  NASCAR O\\u00d5Reilly Auto Parts Series driver Josh Bilicki (07) during practice for the 22nd Annual Andy\\u00d5s Frozen Custard 340 race at Texas Motor Speedway.   Photo Credit: Michael C. Johnson&quot;,&quot;created_timestamp&quot;:&quot;1777674330&quot;,&quot;copyright&quot;:&quot;Michael C. Johnson&quot;,&quot;focal_length&quot;:&quot;180&quot;,&quot;iso&quot;:&quot;800&quot;,&quot;shutter_speed&quot;:&quot;0.0015625&quot;,&quot;title&quot;:&quot;NASCAR: NASCAR O;Reilly Series at Texas Motor Speedway&quot;,&quot;orientation&quot;:&quot;1&quot;}\" data-image-title=\"NASCAR: NASCAR O;Reilly Series at Texas Motor Speedway\" data-image-description=\"\" data-image-caption=\"&lt;p&gt;April 1, 2026; Ft. Worth, Texas, USA;  NASCAR O\u00d5Reilly Auto Parts Series driver Josh Bilicki (07) during practice for the 22nd Annual Andy\u00d5s Frozen Custard 340 race at Texas Motor Speedway.   Photo Credit: Michael C. Johnson&lt;\/p&gt;\n\" data-large-file=\"https:\/\/i0.wp.com\/racedaysa.com\/wp-content\/uploads\/2026\/05\/32_6811a-scaled.jpg?fit=640%2C426\" aria-describedby=\"caption-attachment-57689\" class=\"size-large wp-image-57689\" src=\"https:\/\/i0.wp.com\/racedaysa.com\/wp-content\/uploads\/2026\/05\/32_6811a.jpg?resize=640%2C426\" alt=\"\" width=\"640\" height=\"426\" srcset=\"https:\/\/i0.wp.com\/racedaysa.com\/wp-content\/uploads\/2026\/05\/32_6811a-scaled.jpg?resize=640%2C426 640w, https:\/\/i0.wp.com\/racedaysa.com\/wp-content\/uploads\/2026\/05\/32_6811a-scaled.jpg?resize=300%2C200 300w, https:\/\/i0.wp.com\/racedaysa.com\/wp-content\/uploads\/2026\/05\/32_6811a-scaled.jpg?resize=768%2C512 768w, https:\/\/i0.wp.com\/racedaysa.com\/wp-content\/uploads\/2026\/05\/32_6811a-scaled.jpg?resize=1536%2C1023 1536w, https:\/\/i0.wp.com\/racedaysa.com\/wp-content\/uploads\/2026\/05\/32_6811a-scaled.jpg?resize=2048%2C1365 2048w, https:\/\/i0.wp.com\/racedaysa.com\/wp-content\/uploads\/2026\/05\/32_6811a-scaled.jpg?resize=284%2C190 284w, https:\/\/i0.wp.com\/racedaysa.com\/wp-content\/uploads\/2026\/05\/32_6811a-scaled.jpg?resize=99%2C66 99w\" sizes=\"auto, (max-width: 640px) 100vw, 640px\" \/><p id=\"caption-attachment-57689\" class=\"wp-caption-text\">April 1, 2026; Ft. Worth, Texas, USA; NASCAR O\u00d5Reilly Auto Parts Series driver Josh Bilicki (07) during practice for the 22nd Annual Andy\u00d5s Frozen Custard 340 race at Texas Motor Speedway. Photo Credit: Michael C. Johnson<\/p><\/div>\n<p>&nbsp;<\/p>\n<div id=\"attachment_57688\" style=\"width: 650px\" class=\"wp-caption aligncenter\"><img data-recalc-dims=\"1\" loading=\"lazy\" decoding=\"async\" data-attachment-id=\"57688\" data-permalink=\"http:\/\/racedaysa.com\/index.php\/2026\/05\/01\/photos-nascar-oreilly-auto-parts-series-qualifying-friday-at-texas-motor-speedway\/nascar-nascar-oreilly-series-at-texas-motor-speedway-47\/\" data-orig-file=\"https:\/\/i0.wp.com\/racedaysa.com\/wp-content\/uploads\/2026\/05\/32_6767a-scaled.jpg?fit=2560%2C1707\" data-orig-size=\"2560,1707\" data-comments-opened=\"0\" data-image-meta=\"{&quot;aperture&quot;:&quot;11&quot;,&quot;credit&quot;:&quot;Michael C. Johnson&quot;,&quot;camera&quot;:&quot;Canon EOS R3&quot;,&quot;caption&quot;:&quot;April 1, 2026; Ft. Worth, Texas, USA;  NASCAR O\\u00d5Reilly Auto Parts Series driver Corey Day (17) during practice for the 22nd Annual Andy\\u00d5s Frozen Custard 340 race at Texas Motor Speedway.   Photo Credit: Michael C. Johnson&quot;,&quot;created_timestamp&quot;:&quot;1777674279&quot;,&quot;copyright&quot;:&quot;Michael C. Johnson&quot;,&quot;focal_length&quot;:&quot;200&quot;,&quot;iso&quot;:&quot;800&quot;,&quot;shutter_speed&quot;:&quot;0.0015625&quot;,&quot;title&quot;:&quot;NASCAR: NASCAR O;Reilly Series at Texas Motor Speedway&quot;,&quot;orientation&quot;:&quot;1&quot;}\" data-image-title=\"NASCAR: NASCAR O;Reilly Series at Texas Motor Speedway\" data-image-description=\"\" data-image-caption=\"&lt;p&gt;April 1, 2026; Ft. Worth, Texas, USA;  NASCAR O\u00d5Reilly Auto Parts Series driver Corey Day (17) during practice for the 22nd Annual Andy\u00d5s Frozen Custard 340 race at Texas Motor Speedway.   Photo Credit: Michael C. Johnson&lt;\/p&gt;\n\" data-large-file=\"https:\/\/i0.wp.com\/racedaysa.com\/wp-content\/uploads\/2026\/05\/32_6767a-scaled.jpg?fit=640%2C427\" aria-describedby=\"caption-attachment-57688\" class=\"size-large wp-image-57688\" src=\"https:\/\/i0.wp.com\/racedaysa.com\/wp-content\/uploads\/2026\/05\/32_6767a.jpg?resize=640%2C427\" alt=\"\" width=\"640\" height=\"427\" srcset=\"https:\/\/i0.wp.com\/racedaysa.com\/wp-content\/uploads\/2026\/05\/32_6767a-scaled.jpg?resize=640%2C427 640w, https:\/\/i0.wp.com\/racedaysa.com\/wp-content\/uploads\/2026\/05\/32_6767a-scaled.jpg?resize=300%2C200 300w, https:\/\/i0.wp.com\/racedaysa.com\/wp-content\/uploads\/2026\/05\/32_6767a-scaled.jpg?resize=768%2C512 768w, https:\/\/i0.wp.com\/racedaysa.com\/wp-content\/uploads\/2026\/05\/32_6767a-scaled.jpg?resize=1536%2C1024 1536w, https:\/\/i0.wp.com\/racedaysa.com\/wp-content\/uploads\/2026\/05\/32_6767a-scaled.jpg?resize=2048%2C1365 2048w, https:\/\/i0.wp.com\/racedaysa.com\/wp-content\/uploads\/2026\/05\/32_6767a-scaled.jpg?resize=284%2C190 284w, https:\/\/i0.wp.com\/racedaysa.com\/wp-content\/uploads\/2026\/05\/32_6767a-scaled.jpg?resize=99%2C66 99w\" sizes=\"auto, (max-width: 640px) 100vw, 640px\" \/><p id=\"caption-attachment-57688\" class=\"wp-caption-text\">April 1, 2026; Ft. Worth, Texas, USA; NASCAR O\u00d5Reilly Auto Parts Series driver Corey Day (17) during practice for the 22nd Annual Andy\u00d5s Frozen Custard 340 race at Texas Motor Speedway. Photo Credit: Michael C. Johnson<\/p><\/div>\n<p>&nbsp;<\/p>\n<div id=\"attachment_57687\" style=\"width: 650px\" class=\"wp-caption aligncenter\"><img data-recalc-dims=\"1\" loading=\"lazy\" decoding=\"async\" data-attachment-id=\"57687\" data-permalink=\"http:\/\/racedaysa.com\/index.php\/2026\/05\/01\/photos-nascar-oreilly-auto-parts-series-qualifying-friday-at-texas-motor-speedway\/nascar-nascar-oreilly-series-at-texas-motor-speedway-46\/\" data-orig-file=\"https:\/\/i0.wp.com\/racedaysa.com\/wp-content\/uploads\/2026\/05\/32_6747a-scaled.jpg?fit=2560%2C1706\" data-orig-size=\"2560,1706\" data-comments-opened=\"0\" data-image-meta=\"{&quot;aperture&quot;:&quot;9&quot;,&quot;credit&quot;:&quot;Michael C. Johnson&quot;,&quot;camera&quot;:&quot;Canon EOS R3&quot;,&quot;caption&quot;:&quot;April 1, 2026; Ft. Worth, Texas, USA;  NASCAR O\\u00d5Reilly Auto Parts Series driver Sheldon Creed (00) during practice for the 22nd Annual Andy\\u00d5s Frozen Custard 340 race at Texas Motor Speedway.   Photo Credit: Michael C. Johnson&quot;,&quot;created_timestamp&quot;:&quot;1777674245&quot;,&quot;copyright&quot;:&quot;Michael C. Johnson&quot;,&quot;focal_length&quot;:&quot;190&quot;,&quot;iso&quot;:&quot;800&quot;,&quot;shutter_speed&quot;:&quot;0.00125&quot;,&quot;title&quot;:&quot;NASCAR: NASCAR O;Reilly Series at Texas Motor Speedway&quot;,&quot;orientation&quot;:&quot;1&quot;}\" data-image-title=\"NASCAR: NASCAR O;Reilly Series at Texas Motor Speedway\" data-image-description=\"\" data-image-caption=\"&lt;p&gt;April 1, 2026; Ft. Worth, Texas, USA;  NASCAR O\u00d5Reilly Auto Parts Series driver Sheldon Creed (00) during practice for the 22nd Annual Andy\u00d5s Frozen Custard 340 race at Texas Motor Speedway.   Photo Credit: Michael C. Johnson&lt;\/p&gt;\n\" data-large-file=\"https:\/\/i0.wp.com\/racedaysa.com\/wp-content\/uploads\/2026\/05\/32_6747a-scaled.jpg?fit=640%2C426\" aria-describedby=\"caption-attachment-57687\" class=\"size-large wp-image-57687\" src=\"https:\/\/i0.wp.com\/racedaysa.com\/wp-content\/uploads\/2026\/05\/32_6747a.jpg?resize=640%2C426\" alt=\"\" width=\"640\" height=\"426\" srcset=\"https:\/\/i0.wp.com\/racedaysa.com\/wp-content\/uploads\/2026\/05\/32_6747a-scaled.jpg?resize=640%2C426 640w, https:\/\/i0.wp.com\/racedaysa.com\/wp-content\/uploads\/2026\/05\/32_6747a-scaled.jpg?resize=300%2C200 300w, https:\/\/i0.wp.com\/racedaysa.com\/wp-content\/uploads\/2026\/05\/32_6747a-scaled.jpg?resize=768%2C512 768w, https:\/\/i0.wp.com\/racedaysa.com\/wp-content\/uploads\/2026\/05\/32_6747a-scaled.jpg?resize=1536%2C1024 1536w, https:\/\/i0.wp.com\/racedaysa.com\/wp-content\/uploads\/2026\/05\/32_6747a-scaled.jpg?resize=2048%2C1365 2048w, https:\/\/i0.wp.com\/racedaysa.com\/wp-content\/uploads\/2026\/05\/32_6747a-scaled.jpg?resize=284%2C190 284w, https:\/\/i0.wp.com\/racedaysa.com\/wp-content\/uploads\/2026\/05\/32_6747a-scaled.jpg?resize=99%2C66 99w\" sizes=\"auto, (max-width: 640px) 100vw, 640px\" \/><p id=\"caption-attachment-57687\" class=\"wp-caption-text\">April 1, 2026; Ft. Worth, Texas, USA; NASCAR O\u00d5Reilly Auto Parts Series driver Sheldon Creed (00) during practice for the 22nd Annual Andy\u00d5s Frozen Custard 340 race at Texas Motor Speedway. Photo Credit: Michael C. Johnson<\/p><\/div>\n<p>&nbsp;<\/p>\n<div id=\"attachment_57686\" style=\"width: 650px\" class=\"wp-caption aligncenter\"><img data-recalc-dims=\"1\" loading=\"lazy\" decoding=\"async\" data-attachment-id=\"57686\" data-permalink=\"http:\/\/racedaysa.com\/index.php\/2026\/05\/01\/photos-nascar-oreilly-auto-parts-series-qualifying-friday-at-texas-motor-speedway\/nascar-nascar-oreilly-series-at-texas-motor-speedway-45\/\" data-orig-file=\"https:\/\/i0.wp.com\/racedaysa.com\/wp-content\/uploads\/2026\/05\/32_6734a-scaled.jpg?fit=2560%2C1706\" data-orig-size=\"2560,1706\" data-comments-opened=\"0\" data-image-meta=\"{&quot;aperture&quot;:&quot;10&quot;,&quot;credit&quot;:&quot;Michael C. Johnson&quot;,&quot;camera&quot;:&quot;Canon EOS R3&quot;,&quot;caption&quot;:&quot;April 1, 2026; Ft. Worth, Texas, USA;  NASCAR O\\u00d5Reilly Auto Parts Series driver Austin Green (87) during practice for the 22nd Annual Andy\\u00d5s Frozen Custard 340 race at Texas Motor Speedway.   Photo Credit: Michael C. Johnson&quot;,&quot;created_timestamp&quot;:&quot;1777674240&quot;,&quot;copyright&quot;:&quot;Michael C. Johnson&quot;,&quot;focal_length&quot;:&quot;190&quot;,&quot;iso&quot;:&quot;800&quot;,&quot;shutter_speed&quot;:&quot;0.00125&quot;,&quot;title&quot;:&quot;NASCAR: NASCAR O;Reilly Series at Texas Motor Speedway&quot;,&quot;orientation&quot;:&quot;1&quot;}\" data-image-title=\"NASCAR: NASCAR O;Reilly Series at Texas Motor Speedway\" data-image-description=\"\" data-image-caption=\"&lt;p&gt;April 1, 2026; Ft. Worth, Texas, USA;  NASCAR O\u00d5Reilly Auto Parts Series driver Austin Green (87) during practice for the 22nd Annual Andy\u00d5s Frozen Custard 340 race at Texas Motor Speedway.   Photo Credit: Michael C. Johnson&lt;\/p&gt;\n\" data-large-file=\"https:\/\/i0.wp.com\/racedaysa.com\/wp-content\/uploads\/2026\/05\/32_6734a-scaled.jpg?fit=640%2C427\" aria-describedby=\"caption-attachment-57686\" class=\"size-large wp-image-57686\" src=\"https:\/\/i0.wp.com\/racedaysa.com\/wp-content\/uploads\/2026\/05\/32_6734a.jpg?resize=640%2C427\" alt=\"\" width=\"640\" height=\"427\" srcset=\"https:\/\/i0.wp.com\/racedaysa.com\/wp-content\/uploads\/2026\/05\/32_6734a-scaled.jpg?resize=640%2C427 640w, https:\/\/i0.wp.com\/racedaysa.com\/wp-content\/uploads\/2026\/05\/32_6734a-scaled.jpg?resize=300%2C200 300w, https:\/\/i0.wp.com\/racedaysa.com\/wp-content\/uploads\/2026\/05\/32_6734a-scaled.jpg?resize=768%2C512 768w, https:\/\/i0.wp.com\/racedaysa.com\/wp-content\/uploads\/2026\/05\/32_6734a-scaled.jpg?resize=1536%2C1024 1536w, https:\/\/i0.wp.com\/racedaysa.com\/wp-content\/uploads\/2026\/05\/32_6734a-scaled.jpg?resize=2048%2C1365 2048w, https:\/\/i0.wp.com\/racedaysa.com\/wp-content\/uploads\/2026\/05\/32_6734a-scaled.jpg?resize=284%2C190 284w, https:\/\/i0.wp.com\/racedaysa.com\/wp-content\/uploads\/2026\/05\/32_6734a-scaled.jpg?resize=99%2C66 99w\" sizes=\"auto, (max-width: 640px) 100vw, 640px\" \/><p id=\"caption-attachment-57686\" class=\"wp-caption-text\">April 1, 2026; Ft. Worth, Texas, USA; NASCAR O\u00d5Reilly Auto Parts Series driver Austin Green (87) during practice for the 22nd Annual Andy\u00d5s Frozen Custard 340 race at Texas Motor Speedway. Photo Credit: Michael C. Johnson<\/p><\/div>\n<p>&nbsp;<\/p>\n<div id=\"attachment_57685\" style=\"width: 650px\" class=\"wp-caption aligncenter\"><img data-recalc-dims=\"1\" loading=\"lazy\" decoding=\"async\" data-attachment-id=\"57685\" data-permalink=\"http:\/\/racedaysa.com\/index.php\/2026\/05\/01\/photos-nascar-oreilly-auto-parts-series-qualifying-friday-at-texas-motor-speedway\/nascar-nascar-oreilly-series-at-texas-motor-speedway-44\/\" data-orig-file=\"https:\/\/i0.wp.com\/racedaysa.com\/wp-content\/uploads\/2026\/05\/32_6713a-scaled.jpg?fit=2560%2C1707\" data-orig-size=\"2560,1707\" data-comments-opened=\"0\" data-image-meta=\"{&quot;aperture&quot;:&quot;10&quot;,&quot;credit&quot;:&quot;Michael C. Johnson&quot;,&quot;camera&quot;:&quot;Canon EOS R3&quot;,&quot;caption&quot;:&quot;April 1, 2026; Ft. Worth, Texas, USA;  NASCAR O\\u00d5Reilly Auto Parts Series driver Austin Hill (21) during practice for the 22nd Annual Andy\\u00d5s Frozen Custard 340 race at Texas Motor Speedway.   Photo Credit: Michael C. Johnson&quot;,&quot;created_timestamp&quot;:&quot;1777674223&quot;,&quot;copyright&quot;:&quot;Michael C. Johnson&quot;,&quot;focal_length&quot;:&quot;190&quot;,&quot;iso&quot;:&quot;800&quot;,&quot;shutter_speed&quot;:&quot;0.00125&quot;,&quot;title&quot;:&quot;NASCAR: NASCAR O;Reilly Series at Texas Motor Speedway&quot;,&quot;orientation&quot;:&quot;1&quot;}\" data-image-title=\"NASCAR: NASCAR O;Reilly Series at Texas Motor Speedway\" data-image-description=\"\" data-image-caption=\"&lt;p&gt;April 1, 2026; Ft. Worth, Texas, USA;  NASCAR O\u00d5Reilly Auto Parts Series driver Austin Hill (21) during practice for the 22nd Annual Andy\u00d5s Frozen Custard 340 race at Texas Motor Speedway.   Photo Credit: Michael C. Johnson&lt;\/p&gt;\n\" data-large-file=\"https:\/\/i0.wp.com\/racedaysa.com\/wp-content\/uploads\/2026\/05\/32_6713a-scaled.jpg?fit=640%2C427\" aria-describedby=\"caption-attachment-57685\" class=\"size-large wp-image-57685\" src=\"https:\/\/i0.wp.com\/racedaysa.com\/wp-content\/uploads\/2026\/05\/32_6713a.jpg?resize=640%2C427\" alt=\"\" width=\"640\" height=\"427\" srcset=\"https:\/\/i0.wp.com\/racedaysa.com\/wp-content\/uploads\/2026\/05\/32_6713a-scaled.jpg?resize=640%2C427 640w, https:\/\/i0.wp.com\/racedaysa.com\/wp-content\/uploads\/2026\/05\/32_6713a-scaled.jpg?resize=300%2C200 300w, https:\/\/i0.wp.com\/racedaysa.com\/wp-content\/uploads\/2026\/05\/32_6713a-scaled.jpg?resize=768%2C512 768w, https:\/\/i0.wp.com\/racedaysa.com\/wp-content\/uploads\/2026\/05\/32_6713a-scaled.jpg?resize=1536%2C1024 1536w, https:\/\/i0.wp.com\/racedaysa.com\/wp-content\/uploads\/2026\/05\/32_6713a-scaled.jpg?resize=2048%2C1366 2048w, https:\/\/i0.wp.com\/racedaysa.com\/wp-content\/uploads\/2026\/05\/32_6713a-scaled.jpg?resize=284%2C190 284w, https:\/\/i0.wp.com\/racedaysa.com\/wp-content\/uploads\/2026\/05\/32_6713a-scaled.jpg?resize=99%2C66 99w\" sizes=\"auto, (max-width: 640px) 100vw, 640px\" \/><p id=\"caption-attachment-57685\" class=\"wp-caption-text\">April 1, 2026; Ft. Worth, Texas, USA; NASCAR O\u00d5Reilly Auto Parts Series driver Austin Hill (21) during practice for the 22nd Annual Andy\u00d5s Frozen Custard 340 race at Texas Motor Speedway. Photo Credit: Michael C. Johnson<\/p><\/div>\n<p>&nbsp;<\/p>\n<div id=\"attachment_57684\" style=\"width: 650px\" class=\"wp-caption aligncenter\"><img data-recalc-dims=\"1\" loading=\"lazy\" decoding=\"async\" data-attachment-id=\"57684\" data-permalink=\"http:\/\/racedaysa.com\/index.php\/2026\/05\/01\/photos-nascar-oreilly-auto-parts-series-qualifying-friday-at-texas-motor-speedway\/nascar-nascar-oreilly-series-at-texas-motor-speedway-43\/\" data-orig-file=\"https:\/\/i0.wp.com\/racedaysa.com\/wp-content\/uploads\/2026\/05\/32_6705a.jpg?fit=2364%2C1576\" data-orig-size=\"2364,1576\" data-comments-opened=\"0\" data-image-meta=\"{&quot;aperture&quot;:&quot;10&quot;,&quot;credit&quot;:&quot;Michael C. Johnson&quot;,&quot;camera&quot;:&quot;Canon EOS R3&quot;,&quot;caption&quot;:&quot;April 1, 2026; Ft. Worth, Texas, USA;  NASCAR O\\u00d5Reilly Auto Parts Series driver Garrett Smithley (0) during practice for the 22nd Annual Andy\\u00d5s Frozen Custard 340 race at Texas Motor Speedway.   Photo Credit: Michael C. Johnson&quot;,&quot;created_timestamp&quot;:&quot;1777674148&quot;,&quot;copyright&quot;:&quot;Michael C. Johnson&quot;,&quot;focal_length&quot;:&quot;190&quot;,&quot;iso&quot;:&quot;800&quot;,&quot;shutter_speed&quot;:&quot;0.00125&quot;,&quot;title&quot;:&quot;NASCAR: NASCAR O;Reilly Series at Texas Motor Speedway&quot;,&quot;orientation&quot;:&quot;1&quot;}\" data-image-title=\"NASCAR: NASCAR O;Reilly Series at Texas Motor Speedway\" data-image-description=\"\" data-image-caption=\"&lt;p&gt;April 1, 2026; Ft. Worth, Texas, USA;  NASCAR O\u00d5Reilly Auto Parts Series driver Garrett Smithley (0) during practice for the 22nd Annual Andy\u00d5s Frozen Custard 340 race at Texas Motor Speedway.   Photo Credit: Michael C. Johnson&lt;\/p&gt;\n\" data-large-file=\"https:\/\/i0.wp.com\/racedaysa.com\/wp-content\/uploads\/2026\/05\/32_6705a.jpg?fit=640%2C427\" aria-describedby=\"caption-attachment-57684\" class=\"size-large wp-image-57684\" src=\"https:\/\/i0.wp.com\/racedaysa.com\/wp-content\/uploads\/2026\/05\/32_6705a.jpg?resize=640%2C427\" alt=\"\" width=\"640\" height=\"427\" srcset=\"https:\/\/i0.wp.com\/racedaysa.com\/wp-content\/uploads\/2026\/05\/32_6705a.jpg?resize=640%2C427 640w, https:\/\/i0.wp.com\/racedaysa.com\/wp-content\/uploads\/2026\/05\/32_6705a.jpg?resize=300%2C200 300w, https:\/\/i0.wp.com\/racedaysa.com\/wp-content\/uploads\/2026\/05\/32_6705a.jpg?resize=768%2C512 768w, https:\/\/i0.wp.com\/racedaysa.com\/wp-content\/uploads\/2026\/05\/32_6705a.jpg?resize=1536%2C1024 1536w, https:\/\/i0.wp.com\/racedaysa.com\/wp-content\/uploads\/2026\/05\/32_6705a.jpg?resize=2048%2C1365 2048w, https:\/\/i0.wp.com\/racedaysa.com\/wp-content\/uploads\/2026\/05\/32_6705a.jpg?resize=284%2C190 284w, https:\/\/i0.wp.com\/racedaysa.com\/wp-content\/uploads\/2026\/05\/32_6705a.jpg?resize=99%2C66 99w\" sizes=\"auto, (max-width: 640px) 100vw, 640px\" \/><p id=\"caption-attachment-57684\" class=\"wp-caption-text\">April 1, 2026; Ft. Worth, Texas, USA; NASCAR O\u00d5Reilly Auto Parts Series driver Garrett Smithley (0) during practice for the 22nd Annual Andy\u00d5s Frozen Custard 340 race at Texas Motor Speedway. Photo Credit: Michael C. Johnson<\/p><\/div>\n<p>&nbsp;<\/p>\n<div id=\"attachment_57683\" style=\"width: 650px\" class=\"wp-caption aligncenter\"><img data-recalc-dims=\"1\" loading=\"lazy\" decoding=\"async\" data-attachment-id=\"57683\" data-permalink=\"http:\/\/racedaysa.com\/index.php\/2026\/05\/01\/photos-nascar-oreilly-auto-parts-series-qualifying-friday-at-texas-motor-speedway\/nascar-nascar-oreilly-series-at-texas-motor-speedway-42\/\" data-orig-file=\"https:\/\/i0.wp.com\/racedaysa.com\/wp-content\/uploads\/2026\/05\/32_6691a-scaled.jpg?fit=2560%2C1707\" data-orig-size=\"2560,1707\" data-comments-opened=\"0\" data-image-meta=\"{&quot;aperture&quot;:&quot;10&quot;,&quot;credit&quot;:&quot;Michael C. Johnson&quot;,&quot;camera&quot;:&quot;Canon EOS R3&quot;,&quot;caption&quot;:&quot;April 1, 2026; Ft. Worth, Texas, USA;  NASCAR O\\u00d5Reilly Auto Parts Series driver Carson Kvapil (9) during practice for the 22nd Annual Andy\\u00d5s Frozen Custard 340 race at Texas Motor Speedway.   Photo Credit: Michael C. Johnson&quot;,&quot;created_timestamp&quot;:&quot;1777674144&quot;,&quot;copyright&quot;:&quot;Michael C. Johnson&quot;,&quot;focal_length&quot;:&quot;190&quot;,&quot;iso&quot;:&quot;800&quot;,&quot;shutter_speed&quot;:&quot;0.00125&quot;,&quot;title&quot;:&quot;NASCAR: NASCAR O;Reilly Series at Texas Motor Speedway&quot;,&quot;orientation&quot;:&quot;1&quot;}\" data-image-title=\"NASCAR: NASCAR O;Reilly Series at Texas Motor Speedway\" data-image-description=\"\" data-image-caption=\"&lt;p&gt;April 1, 2026; Ft. Worth, Texas, USA;  NASCAR O\u00d5Reilly Auto Parts Series driver Carson Kvapil (9) during practice for the 22nd Annual Andy\u00d5s Frozen Custard 340 race at Texas Motor Speedway.   Photo Credit: Michael C. Johnson&lt;\/p&gt;\n\" data-large-file=\"https:\/\/i0.wp.com\/racedaysa.com\/wp-content\/uploads\/2026\/05\/32_6691a-scaled.jpg?fit=640%2C427\" aria-describedby=\"caption-attachment-57683\" class=\"size-large wp-image-57683\" src=\"https:\/\/i0.wp.com\/racedaysa.com\/wp-content\/uploads\/2026\/05\/32_6691a.jpg?resize=640%2C427\" alt=\"\" width=\"640\" height=\"427\" srcset=\"https:\/\/i0.wp.com\/racedaysa.com\/wp-content\/uploads\/2026\/05\/32_6691a-scaled.jpg?resize=640%2C427 640w, https:\/\/i0.wp.com\/racedaysa.com\/wp-content\/uploads\/2026\/05\/32_6691a-scaled.jpg?resize=300%2C200 300w, https:\/\/i0.wp.com\/racedaysa.com\/wp-content\/uploads\/2026\/05\/32_6691a-scaled.jpg?resize=768%2C512 768w, https:\/\/i0.wp.com\/racedaysa.com\/wp-content\/uploads\/2026\/05\/32_6691a-scaled.jpg?resize=1536%2C1024 1536w, https:\/\/i0.wp.com\/racedaysa.com\/wp-content\/uploads\/2026\/05\/32_6691a-scaled.jpg?resize=2048%2C1365 2048w, https:\/\/i0.wp.com\/racedaysa.com\/wp-content\/uploads\/2026\/05\/32_6691a-scaled.jpg?resize=284%2C190 284w, https:\/\/i0.wp.com\/racedaysa.com\/wp-content\/uploads\/2026\/05\/32_6691a-scaled.jpg?resize=99%2C66 99w\" sizes=\"auto, (max-width: 640px) 100vw, 640px\" \/><p id=\"caption-attachment-57683\" class=\"wp-caption-text\">April 1, 2026; Ft. Worth, Texas, USA; NASCAR O\u00d5Reilly Auto Parts Series driver Carson Kvapil (9) during practice for the 22nd Annual Andy\u00d5s Frozen Custard 340 race at Texas Motor Speedway. Photo Credit: Michael C. Johnson<\/p><\/div>\n<p>&nbsp;<\/p>\n<div id=\"attachment_57682\" style=\"width: 650px\" class=\"wp-caption aligncenter\"><img data-recalc-dims=\"1\" loading=\"lazy\" decoding=\"async\" data-attachment-id=\"57682\" data-permalink=\"http:\/\/racedaysa.com\/index.php\/2026\/05\/01\/photos-nascar-oreilly-auto-parts-series-qualifying-friday-at-texas-motor-speedway\/nascar-nascar-oreilly-series-at-texas-motor-speedway-41\/\" data-orig-file=\"https:\/\/i0.wp.com\/racedaysa.com\/wp-content\/uploads\/2026\/05\/32_6679a-scaled.jpg?fit=2560%2C1707\" data-orig-size=\"2560,1707\" data-comments-opened=\"0\" data-image-meta=\"{&quot;aperture&quot;:&quot;9&quot;,&quot;credit&quot;:&quot;Michael C. Johnson&quot;,&quot;camera&quot;:&quot;Canon EOS R3&quot;,&quot;caption&quot;:&quot;April 1, 2026; Ft. Worth, Texas, USA;  NASCAR O\\u00d5Reilly Auto Parts Series driver Jeb Burton (27) during practice for the 22nd Annual Andy\\u00d5s Frozen Custard 340 race at Texas Motor Speedway.   Photo Credit: Michael C. Johnson&quot;,&quot;created_timestamp&quot;:&quot;1777674139&quot;,&quot;copyright&quot;:&quot;Michael C. Johnson&quot;,&quot;focal_length&quot;:&quot;190&quot;,&quot;iso&quot;:&quot;800&quot;,&quot;shutter_speed&quot;:&quot;0.00125&quot;,&quot;title&quot;:&quot;NASCAR: NASCAR O;Reilly Series at Texas Motor Speedway&quot;,&quot;orientation&quot;:&quot;1&quot;}\" data-image-title=\"NASCAR: NASCAR O;Reilly Series at Texas Motor Speedway\" data-image-description=\"\" data-image-caption=\"&lt;p&gt;April 1, 2026; Ft. Worth, Texas, USA;  NASCAR O\u00d5Reilly Auto Parts Series driver Jeb Burton (27) during practice for the 22nd Annual Andy\u00d5s Frozen Custard 340 race at Texas Motor Speedway.   Photo Credit: Michael C. Johnson&lt;\/p&gt;\n\" data-large-file=\"https:\/\/i0.wp.com\/racedaysa.com\/wp-content\/uploads\/2026\/05\/32_6679a-scaled.jpg?fit=640%2C427\" aria-describedby=\"caption-attachment-57682\" class=\"size-large wp-image-57682\" src=\"https:\/\/i0.wp.com\/racedaysa.com\/wp-content\/uploads\/2026\/05\/32_6679a.jpg?resize=640%2C427\" alt=\"\" width=\"640\" height=\"427\" srcset=\"https:\/\/i0.wp.com\/racedaysa.com\/wp-content\/uploads\/2026\/05\/32_6679a-scaled.jpg?resize=640%2C427 640w, https:\/\/i0.wp.com\/racedaysa.com\/wp-content\/uploads\/2026\/05\/32_6679a-scaled.jpg?resize=300%2C200 300w, https:\/\/i0.wp.com\/racedaysa.com\/wp-content\/uploads\/2026\/05\/32_6679a-scaled.jpg?resize=768%2C512 768w, https:\/\/i0.wp.com\/racedaysa.com\/wp-content\/uploads\/2026\/05\/32_6679a-scaled.jpg?resize=1536%2C1024 1536w, https:\/\/i0.wp.com\/racedaysa.com\/wp-content\/uploads\/2026\/05\/32_6679a-scaled.jpg?resize=2048%2C1365 2048w, https:\/\/i0.wp.com\/racedaysa.com\/wp-content\/uploads\/2026\/05\/32_6679a-scaled.jpg?resize=284%2C190 284w, https:\/\/i0.wp.com\/racedaysa.com\/wp-content\/uploads\/2026\/05\/32_6679a-scaled.jpg?resize=99%2C66 99w\" sizes=\"auto, (max-width: 640px) 100vw, 640px\" \/><p id=\"caption-attachment-57682\" class=\"wp-caption-text\">April 1, 2026; Ft. Worth, Texas, USA; NASCAR O\u00d5Reilly Auto Parts Series driver Jeb Burton (27) during practice for the 22nd Annual Andy\u00d5s Frozen Custard 340 race at Texas Motor Speedway. Photo Credit: Michael C. Johnson<\/p><\/div>\n<p>&nbsp;<\/p>\n<div id=\"attachment_57681\" style=\"width: 650px\" class=\"wp-caption aligncenter\"><img data-recalc-dims=\"1\" loading=\"lazy\" decoding=\"async\" data-attachment-id=\"57681\" data-permalink=\"http:\/\/racedaysa.com\/index.php\/2026\/05\/01\/photos-nascar-oreilly-auto-parts-series-qualifying-friday-at-texas-motor-speedway\/nascar-nascar-oreilly-series-at-texas-motor-speedway-40\/\" data-orig-file=\"https:\/\/i0.wp.com\/racedaysa.com\/wp-content\/uploads\/2026\/05\/32_6666a-scaled.jpg?fit=2560%2C1707\" data-orig-size=\"2560,1707\" data-comments-opened=\"0\" data-image-meta=\"{&quot;aperture&quot;:&quot;10&quot;,&quot;credit&quot;:&quot;Michael C. Johnson&quot;,&quot;camera&quot;:&quot;Canon EOS R3&quot;,&quot;caption&quot;:&quot;April 1, 2026; Ft. Worth, Texas, USA;  NASCAR O\\u00d5Reilly Auto Parts Series driver Patrick Staropoli (48) during practice for the 22nd Annual Andy\\u00d5s Frozen Custard 340 race at Texas Motor Speedway.   Photo Credit: Michael C. Johnson&quot;,&quot;created_timestamp&quot;:&quot;1777674135&quot;,&quot;copyright&quot;:&quot;Michael C. Johnson&quot;,&quot;focal_length&quot;:&quot;190&quot;,&quot;iso&quot;:&quot;800&quot;,&quot;shutter_speed&quot;:&quot;0.00125&quot;,&quot;title&quot;:&quot;NASCAR: NASCAR O;Reilly Series at Texas Motor Speedway&quot;,&quot;orientation&quot;:&quot;1&quot;}\" data-image-title=\"NASCAR: NASCAR O;Reilly Series at Texas Motor Speedway\" data-image-description=\"\" data-image-caption=\"&lt;p&gt;April 1, 2026; Ft. Worth, Texas, USA;  NASCAR O\u00d5Reilly Auto Parts Series driver Patrick Staropoli (48) during practice for the 22nd Annual Andy\u00d5s Frozen Custard 340 race at Texas Motor Speedway.   Photo Credit: Michael C. Johnson&lt;\/p&gt;\n\" data-large-file=\"https:\/\/i0.wp.com\/racedaysa.com\/wp-content\/uploads\/2026\/05\/32_6666a-scaled.jpg?fit=640%2C427\" aria-describedby=\"caption-attachment-57681\" class=\"size-large wp-image-57681\" src=\"https:\/\/i0.wp.com\/racedaysa.com\/wp-content\/uploads\/2026\/05\/32_6666a.jpg?resize=640%2C427\" alt=\"\" width=\"640\" height=\"427\" srcset=\"https:\/\/i0.wp.com\/racedaysa.com\/wp-content\/uploads\/2026\/05\/32_6666a-scaled.jpg?resize=640%2C427 640w, https:\/\/i0.wp.com\/racedaysa.com\/wp-content\/uploads\/2026\/05\/32_6666a-scaled.jpg?resize=300%2C200 300w, https:\/\/i0.wp.com\/racedaysa.com\/wp-content\/uploads\/2026\/05\/32_6666a-scaled.jpg?resize=768%2C512 768w, https:\/\/i0.wp.com\/racedaysa.com\/wp-content\/uploads\/2026\/05\/32_6666a-scaled.jpg?resize=1536%2C1024 1536w, https:\/\/i0.wp.com\/racedaysa.com\/wp-content\/uploads\/2026\/05\/32_6666a-scaled.jpg?resize=2048%2C1366 2048w, https:\/\/i0.wp.com\/racedaysa.com\/wp-content\/uploads\/2026\/05\/32_6666a-scaled.jpg?resize=284%2C190 284w, https:\/\/i0.wp.com\/racedaysa.com\/wp-content\/uploads\/2026\/05\/32_6666a-scaled.jpg?resize=99%2C66 99w\" sizes=\"auto, (max-width: 640px) 100vw, 640px\" \/><p id=\"caption-attachment-57681\" class=\"wp-caption-text\">April 1, 2026; Ft. Worth, Texas, USA; NASCAR O\u00d5Reilly Auto Parts Series driver Patrick Staropoli (48) during practice for the 22nd Annual Andy\u00d5s Frozen Custard 340 race at Texas Motor Speedway. Photo Credit: Michael C. Johnson<\/p><\/div>\n<p>&nbsp;<\/p>\n<div id=\"attachment_57680\" style=\"width: 650px\" class=\"wp-caption aligncenter\"><img data-recalc-dims=\"1\" loading=\"lazy\" decoding=\"async\" data-attachment-id=\"57680\" data-permalink=\"http:\/\/racedaysa.com\/index.php\/2026\/05\/01\/photos-nascar-oreilly-auto-parts-series-qualifying-friday-at-texas-motor-speedway\/nascar-nascar-oreilly-series-at-texas-motor-speedway-39\/\" data-orig-file=\"https:\/\/i0.wp.com\/racedaysa.com\/wp-content\/uploads\/2026\/05\/32_6636a-scaled.jpg?fit=2560%2C1707\" data-orig-size=\"2560,1707\" data-comments-opened=\"0\" data-image-meta=\"{&quot;aperture&quot;:&quot;10&quot;,&quot;credit&quot;:&quot;Michael C. Johnson&quot;,&quot;camera&quot;:&quot;Canon EOS R3&quot;,&quot;caption&quot;:&quot;April 1, 2026; Ft. Worth, Texas, USA;  NASCAR O\\u00d5Reilly Auto Parts Series driver Taylor Gray (54) during practice for the 22nd Annual Andy\\u00d5s Frozen Custard 340 race at Texas Motor Speedway.   Photo Credit: Michael C. Johnson&quot;,&quot;created_timestamp&quot;:&quot;1777674127&quot;,&quot;copyright&quot;:&quot;Michael C. Johnson&quot;,&quot;focal_length&quot;:&quot;190&quot;,&quot;iso&quot;:&quot;800&quot;,&quot;shutter_speed&quot;:&quot;0.00125&quot;,&quot;title&quot;:&quot;NASCAR: NASCAR O;Reilly Series at Texas Motor Speedway&quot;,&quot;orientation&quot;:&quot;1&quot;}\" data-image-title=\"NASCAR: NASCAR O;Reilly Series at Texas Motor Speedway\" data-image-description=\"\" data-image-caption=\"&lt;p&gt;April 1, 2026; Ft. Worth, Texas, USA;  NASCAR O\u00d5Reilly Auto Parts Series driver Taylor Gray (54) during practice for the 22nd Annual Andy\u00d5s Frozen Custard 340 race at Texas Motor Speedway.   Photo Credit: Michael C. Johnson&lt;\/p&gt;\n\" data-large-file=\"https:\/\/i0.wp.com\/racedaysa.com\/wp-content\/uploads\/2026\/05\/32_6636a-scaled.jpg?fit=640%2C427\" aria-describedby=\"caption-attachment-57680\" class=\"size-large wp-image-57680\" src=\"https:\/\/i0.wp.com\/racedaysa.com\/wp-content\/uploads\/2026\/05\/32_6636a.jpg?resize=640%2C427\" alt=\"\" width=\"640\" height=\"427\" srcset=\"https:\/\/i0.wp.com\/racedaysa.com\/wp-content\/uploads\/2026\/05\/32_6636a-scaled.jpg?resize=640%2C427 640w, https:\/\/i0.wp.com\/racedaysa.com\/wp-content\/uploads\/2026\/05\/32_6636a-scaled.jpg?resize=300%2C200 300w, https:\/\/i0.wp.com\/racedaysa.com\/wp-content\/uploads\/2026\/05\/32_6636a-scaled.jpg?resize=768%2C512 768w, https:\/\/i0.wp.com\/racedaysa.com\/wp-content\/uploads\/2026\/05\/32_6636a-scaled.jpg?resize=1536%2C1024 1536w, https:\/\/i0.wp.com\/racedaysa.com\/wp-content\/uploads\/2026\/05\/32_6636a-scaled.jpg?resize=2048%2C1365 2048w, https:\/\/i0.wp.com\/racedaysa.com\/wp-content\/uploads\/2026\/05\/32_6636a-scaled.jpg?resize=284%2C190 284w, https:\/\/i0.wp.com\/racedaysa.com\/wp-content\/uploads\/2026\/05\/32_6636a-scaled.jpg?resize=99%2C66 99w\" sizes=\"auto, (max-width: 640px) 100vw, 640px\" \/><p id=\"caption-attachment-57680\" class=\"wp-caption-text\">April 1, 2026; Ft. Worth, Texas, USA; NASCAR O\u00d5Reilly Auto Parts Series driver Taylor Gray (54) during practice for the 22nd Annual Andy\u00d5s Frozen Custard 340 race at Texas Motor Speedway. Photo Credit: Michael C. Johnson<\/p><\/div>\n<p>&nbsp;<\/p>\n<div id=\"attachment_57679\" style=\"width: 650px\" class=\"wp-caption aligncenter\"><img data-recalc-dims=\"1\" loading=\"lazy\" decoding=\"async\" data-attachment-id=\"57679\" data-permalink=\"http:\/\/racedaysa.com\/index.php\/2026\/05\/01\/photos-nascar-oreilly-auto-parts-series-qualifying-friday-at-texas-motor-speedway\/nascar-nascar-oreilly-series-at-texas-motor-speedway-38\/\" data-orig-file=\"https:\/\/i0.wp.com\/racedaysa.com\/wp-content\/uploads\/2026\/05\/32_6626a-scaled.jpg?fit=2560%2C1707\" data-orig-size=\"2560,1707\" data-comments-opened=\"0\" data-image-meta=\"{&quot;aperture&quot;:&quot;9&quot;,&quot;credit&quot;:&quot;Michael C. Johnson&quot;,&quot;camera&quot;:&quot;Canon EOS R3&quot;,&quot;caption&quot;:&quot;April 1, 2026; Ft. Worth, Texas, USA;  NASCAR O\\u00d5Reilly Auto Parts Series driver Lavar Scott (45) during practice for the 22nd Annual Andy\\u00d5s Frozen Custard 340 race at Texas Motor Speedway.   Photo Credit: Michael C. Johnson&quot;,&quot;created_timestamp&quot;:&quot;1777674125&quot;,&quot;copyright&quot;:&quot;Michael C. Johnson&quot;,&quot;focal_length&quot;:&quot;190&quot;,&quot;iso&quot;:&quot;800&quot;,&quot;shutter_speed&quot;:&quot;0.00125&quot;,&quot;title&quot;:&quot;NASCAR: NASCAR O;Reilly Series at Texas Motor Speedway&quot;,&quot;orientation&quot;:&quot;1&quot;}\" data-image-title=\"NASCAR: NASCAR O;Reilly Series at Texas Motor Speedway\" data-image-description=\"\" data-image-caption=\"&lt;p&gt;April 1, 2026; Ft. Worth, Texas, USA;  NASCAR O\u00d5Reilly Auto Parts Series driver Lavar Scott (45) during practice for the 22nd Annual Andy\u00d5s Frozen Custard 340 race at Texas Motor Speedway.   Photo Credit: Michael C. Johnson&lt;\/p&gt;\n\" data-large-file=\"https:\/\/i0.wp.com\/racedaysa.com\/wp-content\/uploads\/2026\/05\/32_6626a-scaled.jpg?fit=640%2C427\" aria-describedby=\"caption-attachment-57679\" class=\"size-large wp-image-57679\" src=\"https:\/\/i0.wp.com\/racedaysa.com\/wp-content\/uploads\/2026\/05\/32_6626a.jpg?resize=640%2C427\" alt=\"\" width=\"640\" height=\"427\" srcset=\"https:\/\/i0.wp.com\/racedaysa.com\/wp-content\/uploads\/2026\/05\/32_6626a-scaled.jpg?resize=640%2C427 640w, https:\/\/i0.wp.com\/racedaysa.com\/wp-content\/uploads\/2026\/05\/32_6626a-scaled.jpg?resize=300%2C200 300w, https:\/\/i0.wp.com\/racedaysa.com\/wp-content\/uploads\/2026\/05\/32_6626a-scaled.jpg?resize=768%2C512 768w, https:\/\/i0.wp.com\/racedaysa.com\/wp-content\/uploads\/2026\/05\/32_6626a-scaled.jpg?resize=1536%2C1024 1536w, https:\/\/i0.wp.com\/racedaysa.com\/wp-content\/uploads\/2026\/05\/32_6626a-scaled.jpg?resize=2048%2C1365 2048w, https:\/\/i0.wp.com\/racedaysa.com\/wp-content\/uploads\/2026\/05\/32_6626a-scaled.jpg?resize=284%2C190 284w, https:\/\/i0.wp.com\/racedaysa.com\/wp-content\/uploads\/2026\/05\/32_6626a-scaled.jpg?resize=99%2C66 99w\" sizes=\"auto, (max-width: 640px) 100vw, 640px\" \/><p id=\"caption-attachment-57679\" class=\"wp-caption-text\">April 1, 2026; Ft. Worth, Texas, USA; NASCAR O\u00d5Reilly Auto Parts Series driver Lavar Scott (45) during practice for the 22nd Annual Andy\u00d5s Frozen Custard 340 race at Texas Motor Speedway. Photo Credit: Michael C. Johnson<\/p><\/div>\n<p>&nbsp;<\/p>\n<div id=\"attachment_57678\" style=\"width: 650px\" class=\"wp-caption aligncenter\"><img data-recalc-dims=\"1\" loading=\"lazy\" decoding=\"async\" data-attachment-id=\"57678\" data-permalink=\"http:\/\/racedaysa.com\/index.php\/2026\/05\/01\/photos-nascar-oreilly-auto-parts-series-qualifying-friday-at-texas-motor-speedway\/nascar-nascar-oreilly-series-at-texas-motor-speedway-37\/\" data-orig-file=\"https:\/\/i0.wp.com\/racedaysa.com\/wp-content\/uploads\/2026\/05\/32_6600a.jpg?fit=2212%2C1475\" data-orig-size=\"2212,1475\" data-comments-opened=\"0\" data-image-meta=\"{&quot;aperture&quot;:&quot;10&quot;,&quot;credit&quot;:&quot;Michael C. Johnson&quot;,&quot;camera&quot;:&quot;Canon EOS R3&quot;,&quot;caption&quot;:&quot;April 1, 2026; Ft. Worth, Texas, USA;  NASCAR O\\u00d5Reilly Auto Parts Series driver David Starr (53) during practice for the 22nd Annual Andy\\u00d5s Frozen Custard 340 race at Texas Motor Speedway.   Photo Credit: Michael C. Johnson&quot;,&quot;created_timestamp&quot;:&quot;1777673935&quot;,&quot;copyright&quot;:&quot;Michael C. Johnson&quot;,&quot;focal_length&quot;:&quot;135&quot;,&quot;iso&quot;:&quot;800&quot;,&quot;shutter_speed&quot;:&quot;0.00125&quot;,&quot;title&quot;:&quot;NASCAR: NASCAR O;Reilly Series at Texas Motor Speedway&quot;,&quot;orientation&quot;:&quot;1&quot;}\" data-image-title=\"NASCAR: NASCAR O;Reilly Series at Texas Motor Speedway\" data-image-description=\"\" data-image-caption=\"&lt;p&gt;April 1, 2026; Ft. Worth, Texas, USA;  NASCAR O\u00d5Reilly Auto Parts Series driver David Starr (53) during practice for the 22nd Annual Andy\u00d5s Frozen Custard 340 race at Texas Motor Speedway.   Photo Credit: Michael C. Johnson&lt;\/p&gt;\n\" data-large-file=\"https:\/\/i0.wp.com\/racedaysa.com\/wp-content\/uploads\/2026\/05\/32_6600a.jpg?fit=640%2C427\" aria-describedby=\"caption-attachment-57678\" class=\"size-large wp-image-57678\" src=\"https:\/\/i0.wp.com\/racedaysa.com\/wp-content\/uploads\/2026\/05\/32_6600a.jpg?resize=640%2C427\" alt=\"\" width=\"640\" height=\"427\" srcset=\"https:\/\/i0.wp.com\/racedaysa.com\/wp-content\/uploads\/2026\/05\/32_6600a.jpg?resize=640%2C427 640w, https:\/\/i0.wp.com\/racedaysa.com\/wp-content\/uploads\/2026\/05\/32_6600a.jpg?resize=300%2C200 300w, https:\/\/i0.wp.com\/racedaysa.com\/wp-content\/uploads\/2026\/05\/32_6600a.jpg?resize=768%2C512 768w, https:\/\/i0.wp.com\/racedaysa.com\/wp-content\/uploads\/2026\/05\/32_6600a.jpg?resize=1536%2C1024 1536w, https:\/\/i0.wp.com\/racedaysa.com\/wp-content\/uploads\/2026\/05\/32_6600a.jpg?resize=2048%2C1366 2048w, https:\/\/i0.wp.com\/racedaysa.com\/wp-content\/uploads\/2026\/05\/32_6600a.jpg?resize=284%2C190 284w, https:\/\/i0.wp.com\/racedaysa.com\/wp-content\/uploads\/2026\/05\/32_6600a.jpg?resize=99%2C66 99w\" sizes=\"auto, (max-width: 640px) 100vw, 640px\" \/><p id=\"caption-attachment-57678\" class=\"wp-caption-text\">April 1, 2026; Ft. Worth, Texas, USA; NASCAR O\u00d5Reilly Auto Parts Series driver David Starr (53) during practice for the 22nd Annual Andy\u00d5s Frozen Custard 340 race at Texas Motor Speedway. Photo Credit: Michael C. Johnson<\/p><\/div>\n<p>&nbsp;<\/p>\n<div id=\"attachment_57677\" style=\"width: 650px\" class=\"wp-caption aligncenter\"><img data-recalc-dims=\"1\" loading=\"lazy\" decoding=\"async\" data-attachment-id=\"57677\" data-permalink=\"http:\/\/racedaysa.com\/index.php\/2026\/05\/01\/photos-nascar-oreilly-auto-parts-series-qualifying-friday-at-texas-motor-speedway\/nascar-nascar-oreilly-series-at-texas-motor-speedway-36\/\" data-orig-file=\"https:\/\/i0.wp.com\/racedaysa.com\/wp-content\/uploads\/2026\/05\/32_6578a.jpg?fit=2021%2C1347\" data-orig-size=\"2021,1347\" data-comments-opened=\"0\" data-image-meta=\"{&quot;aperture&quot;:&quot;10&quot;,&quot;credit&quot;:&quot;Michael C. Johnson&quot;,&quot;camera&quot;:&quot;Canon EOS R3&quot;,&quot;caption&quot;:&quot;April 1, 2026; Ft. Worth, Texas, USA;  NASCAR O\\u00d5Reilly Auto Parts Series driver Kyle Larson (88) during practice for the 22nd Annual Andy\\u00d5s Frozen Custard 340 race at Texas Motor Speedway.   Photo Credit: Michael C. Johnson&quot;,&quot;created_timestamp&quot;:&quot;1777673881&quot;,&quot;copyright&quot;:&quot;Michael C. Johnson&quot;,&quot;focal_length&quot;:&quot;105&quot;,&quot;iso&quot;:&quot;800&quot;,&quot;shutter_speed&quot;:&quot;0.00125&quot;,&quot;title&quot;:&quot;NASCAR: NASCAR O;Reilly Series at Texas Motor Speedway&quot;,&quot;orientation&quot;:&quot;1&quot;}\" data-image-title=\"NASCAR: NASCAR O;Reilly Series at Texas Motor Speedway\" data-image-description=\"\" data-image-caption=\"&lt;p&gt;April 1, 2026; Ft. Worth, Texas, USA;  NASCAR O\u00d5Reilly Auto Parts Series driver Kyle Larson (88) during practice for the 22nd Annual Andy\u00d5s Frozen Custard 340 race at Texas Motor Speedway.   Photo Credit: Michael C. Johnson&lt;\/p&gt;\n\" data-large-file=\"https:\/\/i0.wp.com\/racedaysa.com\/wp-content\/uploads\/2026\/05\/32_6578a.jpg?fit=640%2C427\" aria-describedby=\"caption-attachment-57677\" class=\"size-large wp-image-57677\" src=\"https:\/\/i0.wp.com\/racedaysa.com\/wp-content\/uploads\/2026\/05\/32_6578a.jpg?resize=640%2C427\" alt=\"\" width=\"640\" height=\"427\" srcset=\"https:\/\/i0.wp.com\/racedaysa.com\/wp-content\/uploads\/2026\/05\/32_6578a.jpg?resize=640%2C427 640w, https:\/\/i0.wp.com\/racedaysa.com\/wp-content\/uploads\/2026\/05\/32_6578a.jpg?resize=300%2C200 300w, https:\/\/i0.wp.com\/racedaysa.com\/wp-content\/uploads\/2026\/05\/32_6578a.jpg?resize=768%2C512 768w, https:\/\/i0.wp.com\/racedaysa.com\/wp-content\/uploads\/2026\/05\/32_6578a.jpg?resize=1536%2C1024 1536w, https:\/\/i0.wp.com\/racedaysa.com\/wp-content\/uploads\/2026\/05\/32_6578a.jpg?resize=284%2C190 284w, https:\/\/i0.wp.com\/racedaysa.com\/wp-content\/uploads\/2026\/05\/32_6578a.jpg?resize=99%2C66 99w, https:\/\/i0.wp.com\/racedaysa.com\/wp-content\/uploads\/2026\/05\/32_6578a.jpg?w=2021 2021w\" sizes=\"auto, (max-width: 640px) 100vw, 640px\" \/><p id=\"caption-attachment-57677\" class=\"wp-caption-text\">April 1, 2026; Ft. Worth, Texas, USA; NASCAR O\u00d5Reilly Auto Parts Series driver Kyle Larson (88) during practice for the 22nd Annual Andy\u00d5s Frozen Custard 340 race at Texas Motor Speedway. Photo Credit: Michael C. Johnson<\/p><\/div>\n<p>&nbsp;<\/p>\n<div id=\"attachment_57676\" style=\"width: 650px\" class=\"wp-caption aligncenter\"><img data-recalc-dims=\"1\" loading=\"lazy\" decoding=\"async\" data-attachment-id=\"57676\" data-permalink=\"http:\/\/racedaysa.com\/index.php\/2026\/05\/01\/photos-nascar-oreilly-auto-parts-series-qualifying-friday-at-texas-motor-speedway\/nascar-nascar-oreilly-series-at-texas-motor-speedway-35\/\" data-orig-file=\"https:\/\/i0.wp.com\/racedaysa.com\/wp-content\/uploads\/2026\/05\/32_6569a.jpg?fit=1919%2C1280\" data-orig-size=\"1919,1280\" data-comments-opened=\"0\" data-image-meta=\"{&quot;aperture&quot;:&quot;10&quot;,&quot;credit&quot;:&quot;Michael C. Johnson&quot;,&quot;camera&quot;:&quot;Canon EOS R3&quot;,&quot;caption&quot;:&quot;April 1, 2026; Ft. Worth, Texas, USA;  NASCAR O\\u00d5Reilly Auto Parts Series driver Ryan Ellis (02) during practice for the 22nd Annual Andy\\u00d5s Frozen Custard 340 race at Texas Motor Speedway.   Photo Credit: Michael C. Johnson&quot;,&quot;created_timestamp&quot;:&quot;1777673877&quot;,&quot;copyright&quot;:&quot;Michael C. Johnson&quot;,&quot;focal_length&quot;:&quot;105&quot;,&quot;iso&quot;:&quot;800&quot;,&quot;shutter_speed&quot;:&quot;0.00125&quot;,&quot;title&quot;:&quot;NASCAR: NASCAR O;Reilly Series at Texas Motor Speedway&quot;,&quot;orientation&quot;:&quot;1&quot;}\" data-image-title=\"NASCAR: NASCAR O;Reilly Series at Texas Motor Speedway\" data-image-description=\"\" data-image-caption=\"&lt;p&gt;April 1, 2026; Ft. Worth, Texas, USA;  NASCAR O\u00d5Reilly Auto Parts Series driver Ryan Ellis (02) during practice for the 22nd Annual Andy\u00d5s Frozen Custard 340 race at Texas Motor Speedway.   Photo Credit: Michael C. Johnson&lt;\/p&gt;\n\" data-large-file=\"https:\/\/i0.wp.com\/racedaysa.com\/wp-content\/uploads\/2026\/05\/32_6569a.jpg?fit=640%2C427\" aria-describedby=\"caption-attachment-57676\" class=\"size-large wp-image-57676\" src=\"https:\/\/i0.wp.com\/racedaysa.com\/wp-content\/uploads\/2026\/05\/32_6569a.jpg?resize=640%2C427\" alt=\"\" width=\"640\" height=\"427\" srcset=\"https:\/\/i0.wp.com\/racedaysa.com\/wp-content\/uploads\/2026\/05\/32_6569a.jpg?resize=640%2C427 640w, https:\/\/i0.wp.com\/racedaysa.com\/wp-content\/uploads\/2026\/05\/32_6569a.jpg?resize=300%2C200 300w, https:\/\/i0.wp.com\/racedaysa.com\/wp-content\/uploads\/2026\/05\/32_6569a.jpg?resize=768%2C512 768w, https:\/\/i0.wp.com\/racedaysa.com\/wp-content\/uploads\/2026\/05\/32_6569a.jpg?resize=1536%2C1025 1536w, https:\/\/i0.wp.com\/racedaysa.com\/wp-content\/uploads\/2026\/05\/32_6569a.jpg?resize=284%2C190 284w, https:\/\/i0.wp.com\/racedaysa.com\/wp-content\/uploads\/2026\/05\/32_6569a.jpg?resize=99%2C66 99w, https:\/\/i0.wp.com\/racedaysa.com\/wp-content\/uploads\/2026\/05\/32_6569a.jpg?w=1919 1919w\" sizes=\"auto, (max-width: 640px) 100vw, 640px\" \/><p id=\"caption-attachment-57676\" class=\"wp-caption-text\">April 1, 2026; Ft. Worth, Texas, USA; NASCAR O\u00d5Reilly Auto Parts Series driver Ryan Ellis (02) during practice for the 22nd Annual Andy\u00d5s Frozen Custard 340 race at Texas Motor Speedway. Photo Credit: Michael C. Johnson<\/p><\/div>\n<p>&nbsp;<\/p>\n<div id=\"attachment_57675\" style=\"width: 650px\" class=\"wp-caption aligncenter\"><img data-recalc-dims=\"1\" loading=\"lazy\" decoding=\"async\" data-attachment-id=\"57675\" data-permalink=\"http:\/\/racedaysa.com\/index.php\/2026\/05\/01\/photos-nascar-oreilly-auto-parts-series-qualifying-friday-at-texas-motor-speedway\/nascar-nascar-oreilly-series-at-texas-motor-speedway-34\/\" data-orig-file=\"https:\/\/i0.wp.com\/racedaysa.com\/wp-content\/uploads\/2026\/05\/32_6549a-scaled.jpg?fit=2560%2C1707\" data-orig-size=\"2560,1707\" data-comments-opened=\"0\" data-image-meta=\"{&quot;aperture&quot;:&quot;10&quot;,&quot;credit&quot;:&quot;Michael C. Johnson&quot;,&quot;camera&quot;:&quot;Canon EOS R3&quot;,&quot;caption&quot;:&quot;April 1, 2026; Ft. Worth, Texas, USA;  NASCAR O\\u00d5Reilly Auto Parts Series driver Brennan Poole (44) during practice for the 22nd Annual Andy\\u00d5s Frozen Custard 340 race at Texas Motor Speedway.   Photo Credit: Michael C. Johnson&quot;,&quot;created_timestamp&quot;:&quot;1777673856&quot;,&quot;copyright&quot;:&quot;Michael C. Johnson&quot;,&quot;focal_length&quot;:&quot;105&quot;,&quot;iso&quot;:&quot;800&quot;,&quot;shutter_speed&quot;:&quot;0.00125&quot;,&quot;title&quot;:&quot;NASCAR: NASCAR O;Reilly Series at Texas Motor Speedway&quot;,&quot;orientation&quot;:&quot;1&quot;}\" data-image-title=\"NASCAR: NASCAR O;Reilly Series at Texas Motor Speedway\" data-image-description=\"\" data-image-caption=\"&lt;p&gt;April 1, 2026; Ft. Worth, Texas, USA;  NASCAR O\u00d5Reilly Auto Parts Series driver Brennan Poole (44) during practice for the 22nd Annual Andy\u00d5s Frozen Custard 340 race at Texas Motor Speedway.   Photo Credit: Michael C. Johnson&lt;\/p&gt;\n\" data-large-file=\"https:\/\/i0.wp.com\/racedaysa.com\/wp-content\/uploads\/2026\/05\/32_6549a-scaled.jpg?fit=640%2C427\" aria-describedby=\"caption-attachment-57675\" class=\"size-large wp-image-57675\" src=\"https:\/\/i0.wp.com\/racedaysa.com\/wp-content\/uploads\/2026\/05\/32_6549a.jpg?resize=640%2C427\" alt=\"\" width=\"640\" height=\"427\" srcset=\"https:\/\/i0.wp.com\/racedaysa.com\/wp-content\/uploads\/2026\/05\/32_6549a-scaled.jpg?resize=640%2C427 640w, https:\/\/i0.wp.com\/racedaysa.com\/wp-content\/uploads\/2026\/05\/32_6549a-scaled.jpg?resize=300%2C200 300w, https:\/\/i0.wp.com\/racedaysa.com\/wp-content\/uploads\/2026\/05\/32_6549a-scaled.jpg?resize=768%2C512 768w, https:\/\/i0.wp.com\/racedaysa.com\/wp-content\/uploads\/2026\/05\/32_6549a-scaled.jpg?resize=1536%2C1024 1536w, https:\/\/i0.wp.com\/racedaysa.com\/wp-content\/uploads\/2026\/05\/32_6549a-scaled.jpg?resize=2048%2C1366 2048w, https:\/\/i0.wp.com\/racedaysa.com\/wp-content\/uploads\/2026\/05\/32_6549a-scaled.jpg?resize=284%2C190 284w, https:\/\/i0.wp.com\/racedaysa.com\/wp-content\/uploads\/2026\/05\/32_6549a-scaled.jpg?resize=99%2C66 99w\" sizes=\"auto, (max-width: 640px) 100vw, 640px\" \/><p id=\"caption-attachment-57675\" class=\"wp-caption-text\">April 1, 2026; Ft. Worth, Texas, USA; NASCAR O\u00d5Reilly Auto Parts Series driver Brennan Poole (44) during practice for the 22nd Annual Andy\u00d5s Frozen Custard 340 race at Texas Motor Speedway. Photo Credit: Michael C. Johnson<\/p><\/div>\n<p>&nbsp;<\/p>\n<div id=\"attachment_57674\" style=\"width: 650px\" class=\"wp-caption aligncenter\"><img data-recalc-dims=\"1\" loading=\"lazy\" decoding=\"async\" data-attachment-id=\"57674\" data-permalink=\"http:\/\/racedaysa.com\/index.php\/2026\/05\/01\/photos-nascar-oreilly-auto-parts-series-qualifying-friday-at-texas-motor-speedway\/nascar-nascar-oreilly-series-at-texas-motor-speedway-33\/\" data-orig-file=\"https:\/\/i0.wp.com\/racedaysa.com\/wp-content\/uploads\/2026\/05\/32_6537a.jpg?fit=1648%2C1099\" data-orig-size=\"1648,1099\" data-comments-opened=\"0\" data-image-meta=\"{&quot;aperture&quot;:&quot;11&quot;,&quot;credit&quot;:&quot;Michael C. Johnson&quot;,&quot;camera&quot;:&quot;Canon EOS R3&quot;,&quot;caption&quot;:&quot;April 1, 2026; Ft. Worth, Texas, USA;  NASCAR O\\u00d5Reilly Auto Parts Series driver Garrett Smithley (0) during practice for the 22nd Annual Andy\\u00d5s Frozen Custard 340 race at Texas Motor Speedway.   Photo Credit: Michael C. Johnson&quot;,&quot;created_timestamp&quot;:&quot;1777673832&quot;,&quot;copyright&quot;:&quot;Michael C. Johnson&quot;,&quot;focal_length&quot;:&quot;100&quot;,&quot;iso&quot;:&quot;800&quot;,&quot;shutter_speed&quot;:&quot;0.0015625&quot;,&quot;title&quot;:&quot;NASCAR: NASCAR O;Reilly Series at Texas Motor Speedway&quot;,&quot;orientation&quot;:&quot;1&quot;}\" data-image-title=\"NASCAR: NASCAR O;Reilly Series at Texas Motor Speedway\" data-image-description=\"\" data-image-caption=\"&lt;p&gt;April 1, 2026; Ft. Worth, Texas, USA;  NASCAR O\u00d5Reilly Auto Parts Series driver Garrett Smithley (0) during practice for the 22nd Annual Andy\u00d5s Frozen Custard 340 race at Texas Motor Speedway.   Photo Credit: Michael C. Johnson&lt;\/p&gt;\n\" data-large-file=\"https:\/\/i0.wp.com\/racedaysa.com\/wp-content\/uploads\/2026\/05\/32_6537a.jpg?fit=640%2C427\" aria-describedby=\"caption-attachment-57674\" class=\"size-large wp-image-57674\" src=\"https:\/\/i0.wp.com\/racedaysa.com\/wp-content\/uploads\/2026\/05\/32_6537a.jpg?resize=640%2C427\" alt=\"\" width=\"640\" height=\"427\" srcset=\"https:\/\/i0.wp.com\/racedaysa.com\/wp-content\/uploads\/2026\/05\/32_6537a.jpg?resize=640%2C427 640w, https:\/\/i0.wp.com\/racedaysa.com\/wp-content\/uploads\/2026\/05\/32_6537a.jpg?resize=300%2C200 300w, https:\/\/i0.wp.com\/racedaysa.com\/wp-content\/uploads\/2026\/05\/32_6537a.jpg?resize=768%2C512 768w, https:\/\/i0.wp.com\/racedaysa.com\/wp-content\/uploads\/2026\/05\/32_6537a.jpg?resize=1536%2C1024 1536w, https:\/\/i0.wp.com\/racedaysa.com\/wp-content\/uploads\/2026\/05\/32_6537a.jpg?resize=284%2C190 284w, https:\/\/i0.wp.com\/racedaysa.com\/wp-content\/uploads\/2026\/05\/32_6537a.jpg?resize=99%2C66 99w, https:\/\/i0.wp.com\/racedaysa.com\/wp-content\/uploads\/2026\/05\/32_6537a.jpg?w=1648 1648w\" sizes=\"auto, (max-width: 640px) 100vw, 640px\" \/><p id=\"caption-attachment-57674\" class=\"wp-caption-text\">April 1, 2026; Ft. Worth, Texas, USA; NASCAR O\u00d5Reilly Auto Parts Series driver Garrett Smithley (0) during practice for the 22nd Annual Andy\u00d5s Frozen Custard 340 race at Texas Motor Speedway. Photo Credit: Michael C. Johnson<\/p><\/div>\n<p>&nbsp;<\/p>\n<div id=\"attachment_57673\" style=\"width: 650px\" class=\"wp-caption aligncenter\"><img data-recalc-dims=\"1\" loading=\"lazy\" decoding=\"async\" data-attachment-id=\"57673\" data-permalink=\"http:\/\/racedaysa.com\/index.php\/2026\/05\/01\/photos-nascar-oreilly-auto-parts-series-qualifying-friday-at-texas-motor-speedway\/nascar-nascar-oreilly-series-at-texas-motor-speedway-32\/\" data-orig-file=\"https:\/\/i0.wp.com\/racedaysa.com\/wp-content\/uploads\/2026\/05\/32_6519a.jpg?fit=2470%2C1647\" data-orig-size=\"2470,1647\" data-comments-opened=\"0\" data-image-meta=\"{&quot;aperture&quot;:&quot;11&quot;,&quot;credit&quot;:&quot;Michael C. Johnson&quot;,&quot;camera&quot;:&quot;Canon EOS R3&quot;,&quot;caption&quot;:&quot;April 1, 2026; Ft. Worth, Texas, USA;  NASCAR O\\u00d5Reilly Auto Parts Series driver Kyle Larson (88) during practice for the 22nd Annual Andy\\u00d5s Frozen Custard 340 race at Texas Motor Speedway.   Photo Credit: Michael C. Johnson&quot;,&quot;created_timestamp&quot;:&quot;1777673789&quot;,&quot;copyright&quot;:&quot;Michael C. Johnson&quot;,&quot;focal_length&quot;:&quot;105&quot;,&quot;iso&quot;:&quot;800&quot;,&quot;shutter_speed&quot;:&quot;0.0015625&quot;,&quot;title&quot;:&quot;NASCAR: NASCAR O;Reilly Series at Texas Motor Speedway&quot;,&quot;orientation&quot;:&quot;1&quot;}\" data-image-title=\"NASCAR: NASCAR O;Reilly Series at Texas Motor Speedway\" data-image-description=\"\" data-image-caption=\"&lt;p&gt;April 1, 2026; Ft. Worth, Texas, USA;  NASCAR O\u00d5Reilly Auto Parts Series driver Kyle Larson (88) during practice for the 22nd Annual Andy\u00d5s Frozen Custard 340 race at Texas Motor Speedway.   Photo Credit: Michael C. Johnson&lt;\/p&gt;\n\" data-large-file=\"https:\/\/i0.wp.com\/racedaysa.com\/wp-content\/uploads\/2026\/05\/32_6519a.jpg?fit=640%2C427\" aria-describedby=\"caption-attachment-57673\" class=\"size-large wp-image-57673\" src=\"https:\/\/i0.wp.com\/racedaysa.com\/wp-content\/uploads\/2026\/05\/32_6519a.jpg?resize=640%2C427\" alt=\"\" width=\"640\" height=\"427\" srcset=\"https:\/\/i0.wp.com\/racedaysa.com\/wp-content\/uploads\/2026\/05\/32_6519a.jpg?resize=640%2C427 640w, https:\/\/i0.wp.com\/racedaysa.com\/wp-content\/uploads\/2026\/05\/32_6519a.jpg?resize=300%2C200 300w, https:\/\/i0.wp.com\/racedaysa.com\/wp-content\/uploads\/2026\/05\/32_6519a.jpg?resize=768%2C512 768w, https:\/\/i0.wp.com\/racedaysa.com\/wp-content\/uploads\/2026\/05\/32_6519a.jpg?resize=1536%2C1024 1536w, https:\/\/i0.wp.com\/racedaysa.com\/wp-content\/uploads\/2026\/05\/32_6519a.jpg?resize=2048%2C1366 2048w, https:\/\/i0.wp.com\/racedaysa.com\/wp-content\/uploads\/2026\/05\/32_6519a.jpg?resize=284%2C190 284w, https:\/\/i0.wp.com\/racedaysa.com\/wp-content\/uploads\/2026\/05\/32_6519a.jpg?resize=99%2C66 99w\" sizes=\"auto, (max-width: 640px) 100vw, 640px\" \/><p id=\"caption-attachment-57673\" class=\"wp-caption-text\">April 1, 2026; Ft. Worth, Texas, USA; NASCAR O\u00d5Reilly Auto Parts Series driver Kyle Larson (88) during practice for the 22nd Annual Andy\u00d5s Frozen Custard 340 race at Texas Motor Speedway. Photo Credit: Michael C. Johnson<\/p><\/div>\n<p>&nbsp;<\/p>\n<div id=\"attachment_57672\" style=\"width: 650px\" class=\"wp-caption aligncenter\"><img data-recalc-dims=\"1\" loading=\"lazy\" decoding=\"async\" data-attachment-id=\"57672\" data-permalink=\"http:\/\/racedaysa.com\/index.php\/2026\/05\/01\/photos-nascar-oreilly-auto-parts-series-qualifying-friday-at-texas-motor-speedway\/nascar-nascar-oreilly-series-at-texas-motor-speedway-31\/\" data-orig-file=\"https:\/\/i0.wp.com\/racedaysa.com\/wp-content\/uploads\/2026\/05\/32_6506a-1.jpg?fit=2286%2C1524\" data-orig-size=\"2286,1524\" data-comments-opened=\"0\" data-image-meta=\"{&quot;aperture&quot;:&quot;11&quot;,&quot;credit&quot;:&quot;Michael C. Johnson&quot;,&quot;camera&quot;:&quot;Canon EOS R3&quot;,&quot;caption&quot;:&quot;April 1, 2026; Ft. Worth, Texas, USA;  NASCAR O\\u00d5Reilly Auto Parts Series driver Parker Retzlaff (99) during practice for the 22nd Annual Andy\\u00d5s Frozen Custard 340 race at Texas Motor Speedway.   Photo Credit: Michael C. Johnson&quot;,&quot;created_timestamp&quot;:&quot;1777673783&quot;,&quot;copyright&quot;:&quot;Michael C. Johnson&quot;,&quot;focal_length&quot;:&quot;100&quot;,&quot;iso&quot;:&quot;800&quot;,&quot;shutter_speed&quot;:&quot;0.0015625&quot;,&quot;title&quot;:&quot;NASCAR: NASCAR O;Reilly Series at Texas Motor Speedway&quot;,&quot;orientation&quot;:&quot;1&quot;}\" data-image-title=\"NASCAR: NASCAR O;Reilly Series at Texas Motor Speedway\" data-image-description=\"\" data-image-caption=\"&lt;p&gt;April 1, 2026; Ft. Worth, Texas, USA;  NASCAR O\u00d5Reilly Auto Parts Series driver Parker Retzlaff (99) during practice for the 22nd Annual Andy\u00d5s Frozen Custard 340 race at Texas Motor Speedway.   Photo Credit: Michael C. Johnson&lt;\/p&gt;\n\" data-large-file=\"https:\/\/i0.wp.com\/racedaysa.com\/wp-content\/uploads\/2026\/05\/32_6506a-1.jpg?fit=640%2C427\" aria-describedby=\"caption-attachment-57672\" class=\"size-large wp-image-57672\" src=\"https:\/\/i0.wp.com\/racedaysa.com\/wp-content\/uploads\/2026\/05\/32_6506a-1.jpg?resize=640%2C427\" alt=\"\" width=\"640\" height=\"427\" srcset=\"https:\/\/i0.wp.com\/racedaysa.com\/wp-content\/uploads\/2026\/05\/32_6506a-1.jpg?resize=640%2C427 640w, https:\/\/i0.wp.com\/racedaysa.com\/wp-content\/uploads\/2026\/05\/32_6506a-1.jpg?resize=300%2C200 300w, https:\/\/i0.wp.com\/racedaysa.com\/wp-content\/uploads\/2026\/05\/32_6506a-1.jpg?resize=768%2C512 768w, https:\/\/i0.wp.com\/racedaysa.com\/wp-content\/uploads\/2026\/05\/32_6506a-1.jpg?resize=1536%2C1024 1536w, https:\/\/i0.wp.com\/racedaysa.com\/wp-content\/uploads\/2026\/05\/32_6506a-1.jpg?resize=2048%2C1365 2048w, https:\/\/i0.wp.com\/racedaysa.com\/wp-content\/uploads\/2026\/05\/32_6506a-1.jpg?resize=284%2C190 284w, https:\/\/i0.wp.com\/racedaysa.com\/wp-content\/uploads\/2026\/05\/32_6506a-1.jpg?resize=99%2C66 99w\" sizes=\"auto, (max-width: 640px) 100vw, 640px\" \/><p id=\"caption-attachment-57672\" class=\"wp-caption-text\">April 1, 2026; Ft. Worth, Texas, USA; NASCAR O\u00d5Reilly Auto Parts Series driver Parker Retzlaff (99) during practice for the 22nd Annual Andy\u00d5s Frozen Custard 340 race at Texas Motor Speedway. Photo Credit: Michael C. Johnson<\/p><\/div>\n<p>&nbsp;<\/p>\n<div id=\"attachment_57670\" style=\"width: 650px\" class=\"wp-caption aligncenter\"><img data-recalc-dims=\"1\" loading=\"lazy\" decoding=\"async\" data-attachment-id=\"57670\" data-permalink=\"http:\/\/racedaysa.com\/index.php\/2026\/05\/01\/photos-nascar-oreilly-auto-parts-series-qualifying-friday-at-texas-motor-speedway\/nascar-nascar-oreilly-series-at-texas-motor-speedway-29\/\" data-orig-file=\"https:\/\/i0.wp.com\/racedaysa.com\/wp-content\/uploads\/2026\/05\/32_6494a.jpg?fit=2525%2C1683\" data-orig-size=\"2525,1683\" data-comments-opened=\"0\" data-image-meta=\"{&quot;aperture&quot;:&quot;11&quot;,&quot;credit&quot;:&quot;Michael C. Johnson&quot;,&quot;camera&quot;:&quot;Canon EOS R3&quot;,&quot;caption&quot;:&quot;April 1, 2026; Ft. Worth, Texas, USA;  NASCAR O\\u00d5Reilly Auto Parts Series driver Connor Zilisch (1) during practice for the 22nd Annual Andy\\u00d5s Frozen Custard 340 race at Texas Motor Speedway.   Photo Credit: Michael C. Johnson&quot;,&quot;created_timestamp&quot;:&quot;1777673775&quot;,&quot;copyright&quot;:&quot;Michael C. Johnson&quot;,&quot;focal_length&quot;:&quot;100&quot;,&quot;iso&quot;:&quot;800&quot;,&quot;shutter_speed&quot;:&quot;0.0015625&quot;,&quot;title&quot;:&quot;NASCAR: NASCAR O;Reilly Series at Texas Motor Speedway&quot;,&quot;orientation&quot;:&quot;1&quot;}\" data-image-title=\"NASCAR: NASCAR O;Reilly Series at Texas Motor Speedway\" data-image-description=\"\" data-image-caption=\"&lt;p&gt;April 1, 2026; Ft. Worth, Texas, USA;  NASCAR O\u00d5Reilly Auto Parts Series driver Connor Zilisch (1) during practice for the 22nd Annual Andy\u00d5s Frozen Custard 340 race at Texas Motor Speedway.   Photo Credit: Michael C. Johnson&lt;\/p&gt;\n\" data-large-file=\"https:\/\/i0.wp.com\/racedaysa.com\/wp-content\/uploads\/2026\/05\/32_6494a.jpg?fit=640%2C427\" aria-describedby=\"caption-attachment-57670\" class=\"size-large wp-image-57670\" src=\"https:\/\/i0.wp.com\/racedaysa.com\/wp-content\/uploads\/2026\/05\/32_6494a.jpg?resize=640%2C427\" alt=\"\" width=\"640\" height=\"427\" srcset=\"https:\/\/i0.wp.com\/racedaysa.com\/wp-content\/uploads\/2026\/05\/32_6494a.jpg?resize=640%2C427 640w, https:\/\/i0.wp.com\/racedaysa.com\/wp-content\/uploads\/2026\/05\/32_6494a.jpg?resize=300%2C200 300w, https:\/\/i0.wp.com\/racedaysa.com\/wp-content\/uploads\/2026\/05\/32_6494a.jpg?resize=768%2C512 768w, https:\/\/i0.wp.com\/racedaysa.com\/wp-content\/uploads\/2026\/05\/32_6494a.jpg?resize=1536%2C1024 1536w, https:\/\/i0.wp.com\/racedaysa.com\/wp-content\/uploads\/2026\/05\/32_6494a.jpg?resize=2048%2C1365 2048w, https:\/\/i0.wp.com\/racedaysa.com\/wp-content\/uploads\/2026\/05\/32_6494a.jpg?resize=284%2C190 284w, https:\/\/i0.wp.com\/racedaysa.com\/wp-content\/uploads\/2026\/05\/32_6494a.jpg?resize=99%2C66 99w\" sizes=\"auto, (max-width: 640px) 100vw, 640px\" \/><p id=\"caption-attachment-57670\" class=\"wp-caption-text\">April 1, 2026; Ft. Worth, Texas, USA; NASCAR O\u00d5Reilly Auto Parts Series driver Connor Zilisch (1) during practice for the 22nd Annual Andy\u00d5s Frozen Custard 340 race at Texas Motor Speedway. Photo Credit: Michael C. Johnson<\/p><\/div>\n<p>&nbsp;<\/p>\n<div id=\"attachment_57669\" style=\"width: 650px\" class=\"wp-caption aligncenter\"><img data-recalc-dims=\"1\" loading=\"lazy\" decoding=\"async\" data-attachment-id=\"57669\" data-permalink=\"http:\/\/racedaysa.com\/index.php\/2026\/05\/01\/photos-nascar-oreilly-auto-parts-series-qualifying-friday-at-texas-motor-speedway\/nascar-nascar-oreilly-series-at-texas-motor-speedway-28\/\" data-orig-file=\"https:\/\/i0.wp.com\/racedaysa.com\/wp-content\/uploads\/2026\/05\/32_6456a-scaled.jpg?fit=2560%2C1707\" data-orig-size=\"2560,1707\" data-comments-opened=\"0\" data-image-meta=\"{&quot;aperture&quot;:&quot;16&quot;,&quot;credit&quot;:&quot;Michael C. Johnson&quot;,&quot;camera&quot;:&quot;Canon EOS R3&quot;,&quot;caption&quot;:&quot;April 1, 2026; Ft. Worth, Texas, USA;  NASCAR O\\u00d5Reilly Auto Parts Series driver Sammy Smith (8) during practice for the 22nd Annual Andy\\u00d5s Frozen Custard 340 race at Texas Motor Speedway.   Photo Credit: Michael C. Johnson&quot;,&quot;created_timestamp&quot;:&quot;1777673734&quot;,&quot;copyright&quot;:&quot;Michael C. Johnson&quot;,&quot;focal_length&quot;:&quot;260&quot;,&quot;iso&quot;:&quot;1250&quot;,&quot;shutter_speed&quot;:&quot;0.0015625&quot;,&quot;title&quot;:&quot;NASCAR: NASCAR O;Reilly Series at Texas Motor Speedway&quot;,&quot;orientation&quot;:&quot;1&quot;}\" data-image-title=\"NASCAR: NASCAR O;Reilly Series at Texas Motor Speedway\" data-image-description=\"\" data-image-caption=\"&lt;p&gt;April 1, 2026; Ft. Worth, Texas, USA;  NASCAR O\u00d5Reilly Auto Parts Series driver Sammy Smith (8) during practice for the 22nd Annual Andy\u00d5s Frozen Custard 340 race at Texas Motor Speedway.   Photo Credit: Michael C. Johnson&lt;\/p&gt;\n\" data-large-file=\"https:\/\/i0.wp.com\/racedaysa.com\/wp-content\/uploads\/2026\/05\/32_6456a-scaled.jpg?fit=640%2C427\" aria-describedby=\"caption-attachment-57669\" class=\"size-large wp-image-57669\" src=\"https:\/\/i0.wp.com\/racedaysa.com\/wp-content\/uploads\/2026\/05\/32_6456a.jpg?resize=640%2C427\" alt=\"\" width=\"640\" height=\"427\" srcset=\"https:\/\/i0.wp.com\/racedaysa.com\/wp-content\/uploads\/2026\/05\/32_6456a-scaled.jpg?resize=640%2C427 640w, https:\/\/i0.wp.com\/racedaysa.com\/wp-content\/uploads\/2026\/05\/32_6456a-scaled.jpg?resize=300%2C200 300w, https:\/\/i0.wp.com\/racedaysa.com\/wp-content\/uploads\/2026\/05\/32_6456a-scaled.jpg?resize=768%2C512 768w, https:\/\/i0.wp.com\/racedaysa.com\/wp-content\/uploads\/2026\/05\/32_6456a-scaled.jpg?resize=1536%2C1024 1536w, https:\/\/i0.wp.com\/racedaysa.com\/wp-content\/uploads\/2026\/05\/32_6456a-scaled.jpg?resize=2048%2C1365 2048w, https:\/\/i0.wp.com\/racedaysa.com\/wp-content\/uploads\/2026\/05\/32_6456a-scaled.jpg?resize=284%2C190 284w, https:\/\/i0.wp.com\/racedaysa.com\/wp-content\/uploads\/2026\/05\/32_6456a-scaled.jpg?resize=99%2C66 99w\" sizes=\"auto, (max-width: 640px) 100vw, 640px\" \/><p id=\"caption-attachment-57669\" class=\"wp-caption-text\">April 1, 2026; Ft. Worth, Texas, USA; NASCAR O\u00d5Reilly Auto Parts Series driver Sammy Smith (8) during practice for the 22nd Annual Andy\u00d5s Frozen Custard 340 race at Texas Motor Speedway. Photo Credit: Michael C. Johnson<\/p><\/div>\n<p>&nbsp;<\/p>\n<div id=\"attachment_57668\" style=\"width: 650px\" class=\"wp-caption aligncenter\"><img data-recalc-dims=\"1\" loading=\"lazy\" decoding=\"async\" data-attachment-id=\"57668\" data-permalink=\"http:\/\/racedaysa.com\/index.php\/2026\/05\/01\/photos-nascar-oreilly-auto-parts-series-qualifying-friday-at-texas-motor-speedway\/nascar-nascar-oreilly-series-at-texas-motor-speedway-27\/\" data-orig-file=\"https:\/\/i0.wp.com\/racedaysa.com\/wp-content\/uploads\/2026\/05\/32_6444a-scaled.jpg?fit=2560%2C1707\" data-orig-size=\"2560,1707\" data-comments-opened=\"0\" data-image-meta=\"{&quot;aperture&quot;:&quot;14&quot;,&quot;credit&quot;:&quot;Michael C. Johnson&quot;,&quot;camera&quot;:&quot;Canon EOS R3&quot;,&quot;caption&quot;:&quot;April 1, 2026; Ft. Worth, Texas, USA;  NASCAR O\\u00d5Reilly Auto Parts Series driver William Sawalich (18) during practice for the 22nd Annual Andy\\u00d5s Frozen Custard 340 race at Texas Motor Speedway.   Photo Credit: Michael C. Johnson&quot;,&quot;created_timestamp&quot;:&quot;1777673724&quot;,&quot;copyright&quot;:&quot;Michael C. Johnson&quot;,&quot;focal_length&quot;:&quot;200&quot;,&quot;iso&quot;:&quot;1250&quot;,&quot;shutter_speed&quot;:&quot;0.0015625&quot;,&quot;title&quot;:&quot;NASCAR: NASCAR O;Reilly Series at Texas Motor Speedway&quot;,&quot;orientation&quot;:&quot;1&quot;}\" data-image-title=\"NASCAR: NASCAR O;Reilly Series at Texas Motor Speedway\" data-image-description=\"\" data-image-caption=\"&lt;p&gt;April 1, 2026; Ft. Worth, Texas, USA;  NASCAR O\u00d5Reilly Auto Parts Series driver William Sawalich (18) during practice for the 22nd Annual Andy\u00d5s Frozen Custard 340 race at Texas Motor Speedway.   Photo Credit: Michael C. Johnson&lt;\/p&gt;\n\" data-large-file=\"https:\/\/i0.wp.com\/racedaysa.com\/wp-content\/uploads\/2026\/05\/32_6444a-scaled.jpg?fit=640%2C427\" aria-describedby=\"caption-attachment-57668\" class=\"size-large wp-image-57668\" src=\"https:\/\/i0.wp.com\/racedaysa.com\/wp-content\/uploads\/2026\/05\/32_6444a.jpg?resize=640%2C427\" alt=\"\" width=\"640\" height=\"427\" srcset=\"https:\/\/i0.wp.com\/racedaysa.com\/wp-content\/uploads\/2026\/05\/32_6444a-scaled.jpg?resize=640%2C427 640w, https:\/\/i0.wp.com\/racedaysa.com\/wp-content\/uploads\/2026\/05\/32_6444a-scaled.jpg?resize=300%2C200 300w, https:\/\/i0.wp.com\/racedaysa.com\/wp-content\/uploads\/2026\/05\/32_6444a-scaled.jpg?resize=768%2C512 768w, https:\/\/i0.wp.com\/racedaysa.com\/wp-content\/uploads\/2026\/05\/32_6444a-scaled.jpg?resize=1536%2C1024 1536w, https:\/\/i0.wp.com\/racedaysa.com\/wp-content\/uploads\/2026\/05\/32_6444a-scaled.jpg?resize=2048%2C1365 2048w, https:\/\/i0.wp.com\/racedaysa.com\/wp-content\/uploads\/2026\/05\/32_6444a-scaled.jpg?resize=284%2C190 284w, https:\/\/i0.wp.com\/racedaysa.com\/wp-content\/uploads\/2026\/05\/32_6444a-scaled.jpg?resize=99%2C66 99w\" sizes=\"auto, (max-width: 640px) 100vw, 640px\" \/><p id=\"caption-attachment-57668\" class=\"wp-caption-text\">April 1, 2026; Ft. Worth, Texas, USA; NASCAR O\u00d5Reilly Auto Parts Series driver William Sawalich (18) during practice for the 22nd Annual Andy\u00d5s Frozen Custard 340 race at Texas Motor Speedway. Photo Credit: Michael C. Johnson<\/p><\/div>\n<p>&nbsp;<\/p>\n<div id=\"attachment_57667\" style=\"width: 650px\" class=\"wp-caption aligncenter\"><img data-recalc-dims=\"1\" loading=\"lazy\" decoding=\"async\" data-attachment-id=\"57667\" data-permalink=\"http:\/\/racedaysa.com\/index.php\/2026\/05\/01\/photos-nascar-oreilly-auto-parts-series-qualifying-friday-at-texas-motor-speedway\/nascar-nascar-oreilly-series-at-texas-motor-speedway-26\/\" data-orig-file=\"https:\/\/i0.wp.com\/racedaysa.com\/wp-content\/uploads\/2026\/05\/32_6422a-scaled.jpg?fit=2560%2C1706\" data-orig-size=\"2560,1706\" data-comments-opened=\"0\" data-image-meta=\"{&quot;aperture&quot;:&quot;14&quot;,&quot;credit&quot;:&quot;Michael C. Johnson&quot;,&quot;camera&quot;:&quot;Canon EOS R3&quot;,&quot;caption&quot;:&quot;April 1, 2026; Ft. Worth, Texas, USA;  NASCAR O\\u00d5Reilly Auto Parts Series driver Ryan Sieg (39) during practice for the 22nd Annual Andy\\u00d5s Frozen Custard 340 race at Texas Motor Speedway.   Photo Credit: Michael C. Johnson&quot;,&quot;created_timestamp&quot;:&quot;1777673714&quot;,&quot;copyright&quot;:&quot;Michael C. Johnson&quot;,&quot;focal_length&quot;:&quot;200&quot;,&quot;iso&quot;:&quot;1250&quot;,&quot;shutter_speed&quot;:&quot;0.0015625&quot;,&quot;title&quot;:&quot;NASCAR: NASCAR O;Reilly Series at Texas Motor Speedway&quot;,&quot;orientation&quot;:&quot;1&quot;}\" data-image-title=\"NASCAR: NASCAR O;Reilly Series at Texas Motor Speedway\" data-image-description=\"\" data-image-caption=\"&lt;p&gt;April 1, 2026; Ft. Worth, Texas, USA;  NASCAR O\u00d5Reilly Auto Parts Series driver Ryan Sieg (39) during practice for the 22nd Annual Andy\u00d5s Frozen Custard 340 race at Texas Motor Speedway.   Photo Credit: Michael C. Johnson&lt;\/p&gt;\n\" data-large-file=\"https:\/\/i0.wp.com\/racedaysa.com\/wp-content\/uploads\/2026\/05\/32_6422a-scaled.jpg?fit=640%2C427\" aria-describedby=\"caption-attachment-57667\" class=\"size-large wp-image-57667\" src=\"https:\/\/i0.wp.com\/racedaysa.com\/wp-content\/uploads\/2026\/05\/32_6422a.jpg?resize=640%2C427\" alt=\"\" width=\"640\" height=\"427\" srcset=\"https:\/\/i0.wp.com\/racedaysa.com\/wp-content\/uploads\/2026\/05\/32_6422a-scaled.jpg?resize=640%2C427 640w, https:\/\/i0.wp.com\/racedaysa.com\/wp-content\/uploads\/2026\/05\/32_6422a-scaled.jpg?resize=300%2C200 300w, https:\/\/i0.wp.com\/racedaysa.com\/wp-content\/uploads\/2026\/05\/32_6422a-scaled.jpg?resize=768%2C512 768w, https:\/\/i0.wp.com\/racedaysa.com\/wp-content\/uploads\/2026\/05\/32_6422a-scaled.jpg?resize=1536%2C1024 1536w, https:\/\/i0.wp.com\/racedaysa.com\/wp-content\/uploads\/2026\/05\/32_6422a-scaled.jpg?resize=2048%2C1365 2048w, https:\/\/i0.wp.com\/racedaysa.com\/wp-content\/uploads\/2026\/05\/32_6422a-scaled.jpg?resize=284%2C190 284w, https:\/\/i0.wp.com\/racedaysa.com\/wp-content\/uploads\/2026\/05\/32_6422a-scaled.jpg?resize=99%2C66 99w\" sizes=\"auto, (max-width: 640px) 100vw, 640px\" \/><p id=\"caption-attachment-57667\" class=\"wp-caption-text\">April 1, 2026; Ft. Worth, Texas, USA; NASCAR O\u00d5Reilly Auto Parts Series driver Ryan Sieg (39) during practice for the 22nd Annual Andy\u00d5s Frozen Custard 340 race at Texas Motor Speedway. Photo Credit: Michael C. Johnson<\/p><\/div>\n<p>&nbsp;<\/p>\n<div id=\"attachment_57666\" style=\"width: 650px\" class=\"wp-caption aligncenter\"><img data-recalc-dims=\"1\" loading=\"lazy\" decoding=\"async\" data-attachment-id=\"57666\" data-permalink=\"http:\/\/racedaysa.com\/index.php\/2026\/05\/01\/photos-nascar-oreilly-auto-parts-series-qualifying-friday-at-texas-motor-speedway\/nascar-nascar-oreilly-series-at-texas-motor-speedway-25\/\" data-orig-file=\"https:\/\/i0.wp.com\/racedaysa.com\/wp-content\/uploads\/2026\/05\/32_6391a-scaled.jpg?fit=2560%2C1707\" data-orig-size=\"2560,1707\" data-comments-opened=\"0\" data-image-meta=\"{&quot;aperture&quot;:&quot;11&quot;,&quot;credit&quot;:&quot;Michael C. Johnson&quot;,&quot;camera&quot;:&quot;Canon EOS R3&quot;,&quot;caption&quot;:&quot;April 1, 2026; Ft. Worth, Texas, USA;  NASCAR O\\u00d5Reilly Auto Parts Series driver Joey Gase (55) during practice for the 22nd Annual Andy\\u00d5s Frozen Custard 340 race at Texas Motor Speedway.   Photo Credit: Michael C. Johnson&quot;,&quot;created_timestamp&quot;:&quot;1777673688&quot;,&quot;copyright&quot;:&quot;Michael C. Johnson&quot;,&quot;focal_length&quot;:&quot;300&quot;,&quot;iso&quot;:&quot;1250&quot;,&quot;shutter_speed&quot;:&quot;0.0015625&quot;,&quot;title&quot;:&quot;NASCAR: NASCAR O;Reilly Series at Texas Motor Speedway&quot;,&quot;orientation&quot;:&quot;1&quot;}\" data-image-title=\"NASCAR: NASCAR O;Reilly Series at Texas Motor Speedway\" data-image-description=\"\" data-image-caption=\"&lt;p&gt;April 1, 2026; Ft. Worth, Texas, USA;  NASCAR O\u00d5Reilly Auto Parts Series driver Joey Gase (55) during practice for the 22nd Annual Andy\u00d5s Frozen Custard 340 race at Texas Motor Speedway.   Photo Credit: Michael C. Johnson&lt;\/p&gt;\n\" data-large-file=\"https:\/\/i0.wp.com\/racedaysa.com\/wp-content\/uploads\/2026\/05\/32_6391a-scaled.jpg?fit=640%2C427\" aria-describedby=\"caption-attachment-57666\" class=\"size-large wp-image-57666\" src=\"https:\/\/i0.wp.com\/racedaysa.com\/wp-content\/uploads\/2026\/05\/32_6391a.jpg?resize=640%2C427\" alt=\"\" width=\"640\" height=\"427\" srcset=\"https:\/\/i0.wp.com\/racedaysa.com\/wp-content\/uploads\/2026\/05\/32_6391a-scaled.jpg?resize=640%2C427 640w, https:\/\/i0.wp.com\/racedaysa.com\/wp-content\/uploads\/2026\/05\/32_6391a-scaled.jpg?resize=300%2C200 300w, https:\/\/i0.wp.com\/racedaysa.com\/wp-content\/uploads\/2026\/05\/32_6391a-scaled.jpg?resize=768%2C512 768w, https:\/\/i0.wp.com\/racedaysa.com\/wp-content\/uploads\/2026\/05\/32_6391a-scaled.jpg?resize=1536%2C1024 1536w, https:\/\/i0.wp.com\/racedaysa.com\/wp-content\/uploads\/2026\/05\/32_6391a-scaled.jpg?resize=2048%2C1366 2048w, https:\/\/i0.wp.com\/racedaysa.com\/wp-content\/uploads\/2026\/05\/32_6391a-scaled.jpg?resize=284%2C190 284w, https:\/\/i0.wp.com\/racedaysa.com\/wp-content\/uploads\/2026\/05\/32_6391a-scaled.jpg?resize=99%2C66 99w\" sizes=\"auto, (max-width: 640px) 100vw, 640px\" \/><p id=\"caption-attachment-57666\" class=\"wp-caption-text\">April 1, 2026; Ft. Worth, Texas, USA; NASCAR O\u00d5Reilly Auto Parts Series driver Joey Gase (55) during practice for the 22nd Annual Andy\u00d5s Frozen Custard 340 race at Texas Motor Speedway. Photo Credit: Michael C. Johnson<\/p><\/div>\n<p>&nbsp;<\/p>\n<div id=\"attachment_57665\" style=\"width: 650px\" class=\"wp-caption aligncenter\"><img data-recalc-dims=\"1\" loading=\"lazy\" decoding=\"async\" data-attachment-id=\"57665\" data-permalink=\"http:\/\/racedaysa.com\/index.php\/2026\/05\/01\/photos-nascar-oreilly-auto-parts-series-qualifying-friday-at-texas-motor-speedway\/nascar-nascar-oreilly-series-at-texas-motor-speedway-24\/\" data-orig-file=\"https:\/\/i0.wp.com\/racedaysa.com\/wp-content\/uploads\/2026\/05\/32_6379a-scaled.jpg?fit=2560%2C1707\" data-orig-size=\"2560,1707\" data-comments-opened=\"0\" data-image-meta=\"{&quot;aperture&quot;:&quot;11&quot;,&quot;credit&quot;:&quot;Michael C. Johnson&quot;,&quot;camera&quot;:&quot;Canon EOS R3&quot;,&quot;caption&quot;:&quot;April 1, 2026; Ft. Worth, Texas, USA;  NASCAR O\\u00d5Reilly Auto Parts Series driver Brad Perez (42) and NASCAR O\\u00d5Reilly Auto Parts Series driver Josh Bilicki (07) during practice for the 22nd Annual Andy\\u00d5s Frozen Custard 340 race at Texas Motor Speedway.   Photo Credit: Michael C. Johnson&quot;,&quot;created_timestamp&quot;:&quot;1777673295&quot;,&quot;copyright&quot;:&quot;Michael C. Johnson&quot;,&quot;focal_length&quot;:&quot;300&quot;,&quot;iso&quot;:&quot;1250&quot;,&quot;shutter_speed&quot;:&quot;0.0008&quot;,&quot;title&quot;:&quot;NASCAR: NASCAR O;Reilly Series at Texas Motor Speedway&quot;,&quot;orientation&quot;:&quot;1&quot;}\" data-image-title=\"NASCAR: NASCAR O;Reilly Series at Texas Motor Speedway\" data-image-description=\"\" data-image-caption=\"&lt;p&gt;April 1, 2026; Ft. Worth, Texas, USA;  NASCAR O\u00d5Reilly Auto Parts Series driver Brad Perez (42) and NASCAR O\u00d5Reilly Auto Parts Series driver Josh Bilicki (07) during practice for the 22nd Annual Andy\u00d5s Frozen Custard 340 race at Texas Motor Speedway.   Photo Credit: Michael C. Johnson&lt;\/p&gt;\n\" data-large-file=\"https:\/\/i0.wp.com\/racedaysa.com\/wp-content\/uploads\/2026\/05\/32_6379a-scaled.jpg?fit=640%2C427\" aria-describedby=\"caption-attachment-57665\" class=\"size-large wp-image-57665\" src=\"https:\/\/i0.wp.com\/racedaysa.com\/wp-content\/uploads\/2026\/05\/32_6379a.jpg?resize=640%2C427\" alt=\"\" width=\"640\" height=\"427\" srcset=\"https:\/\/i0.wp.com\/racedaysa.com\/wp-content\/uploads\/2026\/05\/32_6379a-scaled.jpg?resize=640%2C427 640w, https:\/\/i0.wp.com\/racedaysa.com\/wp-content\/uploads\/2026\/05\/32_6379a-scaled.jpg?resize=300%2C200 300w, https:\/\/i0.wp.com\/racedaysa.com\/wp-content\/uploads\/2026\/05\/32_6379a-scaled.jpg?resize=768%2C512 768w, https:\/\/i0.wp.com\/racedaysa.com\/wp-content\/uploads\/2026\/05\/32_6379a-scaled.jpg?resize=1536%2C1024 1536w, https:\/\/i0.wp.com\/racedaysa.com\/wp-content\/uploads\/2026\/05\/32_6379a-scaled.jpg?resize=2048%2C1366 2048w, https:\/\/i0.wp.com\/racedaysa.com\/wp-content\/uploads\/2026\/05\/32_6379a-scaled.jpg?resize=284%2C190 284w, https:\/\/i0.wp.com\/racedaysa.com\/wp-content\/uploads\/2026\/05\/32_6379a-scaled.jpg?resize=99%2C66 99w\" sizes=\"auto, (max-width: 640px) 100vw, 640px\" \/><p id=\"caption-attachment-57665\" class=\"wp-caption-text\">April 1, 2026; Ft. Worth, Texas, USA; NASCAR O\u00d5Reilly Auto Parts Series driver Brad Perez (42) and NASCAR O\u00d5Reilly Auto Parts Series driver Josh Bilicki (07) during practice for the 22nd Annual Andy\u00d5s Frozen Custard 340 race at Texas Motor Speedway. Photo Credit: Michael C. Johnson<\/p><\/div>\n<p>&nbsp;<\/p>\n<div id=\"attachment_57664\" style=\"width: 650px\" class=\"wp-caption aligncenter\"><img data-recalc-dims=\"1\" loading=\"lazy\" decoding=\"async\" data-attachment-id=\"57664\" data-permalink=\"http:\/\/racedaysa.com\/index.php\/2026\/05\/01\/photos-nascar-oreilly-auto-parts-series-qualifying-friday-at-texas-motor-speedway\/nascar-nascar-oreilly-series-at-texas-motor-speedway-23\/\" data-orig-file=\"https:\/\/i0.wp.com\/racedaysa.com\/wp-content\/uploads\/2026\/05\/32_6369a-scaled.jpg?fit=2560%2C1706\" data-orig-size=\"2560,1706\" data-comments-opened=\"0\" data-image-meta=\"{&quot;aperture&quot;:&quot;11&quot;,&quot;credit&quot;:&quot;Michael C. Johnson&quot;,&quot;camera&quot;:&quot;Canon EOS R3&quot;,&quot;caption&quot;:&quot;April 1, 2026; Ft. Worth, Texas, USA;  NASCAR O\\u00d5Reilly Auto Parts Series driver Carson Kvapil (9) and NASCAR O\\u00d5Reilly Auto Parts Series driver Justin Allgaier (7) during practice for the 22nd Annual Andy\\u00d5s Frozen Custard 340 race at Texas Motor Speedway.   Photo Credit: Michael C. Johnson&quot;,&quot;created_timestamp&quot;:&quot;1777673270&quot;,&quot;copyright&quot;:&quot;Michael C. Johnson&quot;,&quot;focal_length&quot;:&quot;375&quot;,&quot;iso&quot;:&quot;1250&quot;,&quot;shutter_speed&quot;:&quot;0.0008&quot;,&quot;title&quot;:&quot;NASCAR: NASCAR O;Reilly Series at Texas Motor Speedway&quot;,&quot;orientation&quot;:&quot;1&quot;}\" data-image-title=\"NASCAR: NASCAR O;Reilly Series at Texas Motor Speedway\" data-image-description=\"\" data-image-caption=\"&lt;p&gt;April 1, 2026; Ft. Worth, Texas, USA;  NASCAR O\u00d5Reilly Auto Parts Series driver Carson Kvapil (9) and NASCAR O\u00d5Reilly Auto Parts Series driver Justin Allgaier (7) during practice for the 22nd Annual Andy\u00d5s Frozen Custard 340 race at Texas Motor Speedway.   Photo Credit: Michael C. Johnson&lt;\/p&gt;\n\" data-large-file=\"https:\/\/i0.wp.com\/racedaysa.com\/wp-content\/uploads\/2026\/05\/32_6369a-scaled.jpg?fit=640%2C427\" aria-describedby=\"caption-attachment-57664\" class=\"size-large wp-image-57664\" src=\"https:\/\/i0.wp.com\/racedaysa.com\/wp-content\/uploads\/2026\/05\/32_6369a.jpg?resize=640%2C427\" alt=\"\" width=\"640\" height=\"427\" srcset=\"https:\/\/i0.wp.com\/racedaysa.com\/wp-content\/uploads\/2026\/05\/32_6369a-scaled.jpg?resize=640%2C427 640w, https:\/\/i0.wp.com\/racedaysa.com\/wp-content\/uploads\/2026\/05\/32_6369a-scaled.jpg?resize=300%2C200 300w, https:\/\/i0.wp.com\/racedaysa.com\/wp-content\/uploads\/2026\/05\/32_6369a-scaled.jpg?resize=768%2C512 768w, https:\/\/i0.wp.com\/racedaysa.com\/wp-content\/uploads\/2026\/05\/32_6369a-scaled.jpg?resize=1536%2C1024 1536w, https:\/\/i0.wp.com\/racedaysa.com\/wp-content\/uploads\/2026\/05\/32_6369a-scaled.jpg?resize=2048%2C1365 2048w, https:\/\/i0.wp.com\/racedaysa.com\/wp-content\/uploads\/2026\/05\/32_6369a-scaled.jpg?resize=284%2C190 284w, https:\/\/i0.wp.com\/racedaysa.com\/wp-content\/uploads\/2026\/05\/32_6369a-scaled.jpg?resize=99%2C66 99w\" sizes=\"auto, (max-width: 640px) 100vw, 640px\" \/><p id=\"caption-attachment-57664\" class=\"wp-caption-text\">April 1, 2026; Ft. Worth, Texas, USA; NASCAR O\u00d5Reilly Auto Parts Series driver Carson Kvapil (9) and NASCAR O\u00d5Reilly Auto Parts Series driver Justin Allgaier (7) during practice for the 22nd Annual Andy\u00d5s Frozen Custard 340 race at Texas Motor Speedway. Photo Credit: Michael C. Johnson<\/p><\/div>\n<p>&nbsp;<\/p>\n<div id=\"attachment_57663\" style=\"width: 650px\" class=\"wp-caption aligncenter\"><img data-recalc-dims=\"1\" loading=\"lazy\" decoding=\"async\" data-attachment-id=\"57663\" data-permalink=\"http:\/\/racedaysa.com\/index.php\/2026\/05\/01\/photos-nascar-oreilly-auto-parts-series-qualifying-friday-at-texas-motor-speedway\/nascar-nascar-oreilly-series-at-texas-motor-speedway-22\/\" data-orig-file=\"https:\/\/i0.wp.com\/racedaysa.com\/wp-content\/uploads\/2026\/05\/32_6359a-scaled.jpg?fit=2560%2C1706\" data-orig-size=\"2560,1706\" data-comments-opened=\"0\" data-image-meta=\"{&quot;aperture&quot;:&quot;13&quot;,&quot;credit&quot;:&quot;Michael C. Johnson&quot;,&quot;camera&quot;:&quot;Canon EOS R3&quot;,&quot;caption&quot;:&quot;April 1, 2026; Ft. Worth, Texas, USA;  NASCAR O\\u00d5Reilly Auto Parts Series driver Patrick Staropoli (48) during practice for the 22nd Annual Andy\\u00d5s Frozen Custard 340 race at Texas Motor Speedway.   Photo Credit: Michael C. Johnson&quot;,&quot;created_timestamp&quot;:&quot;1777673267&quot;,&quot;copyright&quot;:&quot;Michael C. Johnson&quot;,&quot;focal_length&quot;:&quot;375&quot;,&quot;iso&quot;:&quot;1250&quot;,&quot;shutter_speed&quot;:&quot;0.0008&quot;,&quot;title&quot;:&quot;NASCAR: NASCAR O;Reilly Series at Texas Motor Speedway&quot;,&quot;orientation&quot;:&quot;1&quot;}\" data-image-title=\"NASCAR: NASCAR O;Reilly Series at Texas Motor Speedway\" data-image-description=\"\" data-image-caption=\"&lt;p&gt;April 1, 2026; Ft. Worth, Texas, USA;  NASCAR O\u00d5Reilly Auto Parts Series driver Patrick Staropoli (48) during practice for the 22nd Annual Andy\u00d5s Frozen Custard 340 race at Texas Motor Speedway.   Photo Credit: Michael C. Johnson&lt;\/p&gt;\n\" data-large-file=\"https:\/\/i0.wp.com\/racedaysa.com\/wp-content\/uploads\/2026\/05\/32_6359a-scaled.jpg?fit=640%2C427\" aria-describedby=\"caption-attachment-57663\" class=\"size-large wp-image-57663\" src=\"https:\/\/i0.wp.com\/racedaysa.com\/wp-content\/uploads\/2026\/05\/32_6359a.jpg?resize=640%2C427\" alt=\"\" width=\"640\" height=\"427\" srcset=\"https:\/\/i0.wp.com\/racedaysa.com\/wp-content\/uploads\/2026\/05\/32_6359a-scaled.jpg?resize=640%2C427 640w, https:\/\/i0.wp.com\/racedaysa.com\/wp-content\/uploads\/2026\/05\/32_6359a-scaled.jpg?resize=300%2C200 300w, https:\/\/i0.wp.com\/racedaysa.com\/wp-content\/uploads\/2026\/05\/32_6359a-scaled.jpg?resize=768%2C512 768w, https:\/\/i0.wp.com\/racedaysa.com\/wp-content\/uploads\/2026\/05\/32_6359a-scaled.jpg?resize=1536%2C1024 1536w, https:\/\/i0.wp.com\/racedaysa.com\/wp-content\/uploads\/2026\/05\/32_6359a-scaled.jpg?resize=2048%2C1365 2048w, https:\/\/i0.wp.com\/racedaysa.com\/wp-content\/uploads\/2026\/05\/32_6359a-scaled.jpg?resize=284%2C190 284w, https:\/\/i0.wp.com\/racedaysa.com\/wp-content\/uploads\/2026\/05\/32_6359a-scaled.jpg?resize=99%2C66 99w\" sizes=\"auto, (max-width: 640px) 100vw, 640px\" \/><p id=\"caption-attachment-57663\" class=\"wp-caption-text\">April 1, 2026; Ft. Worth, Texas, USA; NASCAR O\u00d5Reilly Auto Parts Series driver Patrick Staropoli (48) during practice for the 22nd Annual Andy\u00d5s Frozen Custard 340 race at Texas Motor Speedway. Photo Credit: Michael C. Johnson<\/p><\/div>\n<p>&nbsp;<\/p>\n<div id=\"attachment_57662\" style=\"width: 650px\" class=\"wp-caption aligncenter\"><img data-recalc-dims=\"1\" loading=\"lazy\" decoding=\"async\" data-attachment-id=\"57662\" data-permalink=\"http:\/\/racedaysa.com\/index.php\/2026\/05\/01\/photos-nascar-oreilly-auto-parts-series-qualifying-friday-at-texas-motor-speedway\/nascar-nascar-oreilly-series-at-texas-motor-speedway-21\/\" data-orig-file=\"https:\/\/i0.wp.com\/racedaysa.com\/wp-content\/uploads\/2026\/05\/32_6355a-scaled.jpg?fit=2560%2C1706\" data-orig-size=\"2560,1706\" data-comments-opened=\"0\" data-image-meta=\"{&quot;aperture&quot;:&quot;10&quot;,&quot;credit&quot;:&quot;Michael C. Johnson&quot;,&quot;camera&quot;:&quot;Canon EOS R3&quot;,&quot;caption&quot;:&quot;April 1, 2026; Ft. Worth, Texas, USA;  A general view of the pit lane during practice for the 22nd Annual Andy\\u00d5s Frozen Custard 340 race at Texas Motor Speedway.   Photo Credit: Michael C. Johnson&quot;,&quot;created_timestamp&quot;:&quot;1777673225&quot;,&quot;copyright&quot;:&quot;Michael C. Johnson&quot;,&quot;focal_length&quot;:&quot;375&quot;,&quot;iso&quot;:&quot;1250&quot;,&quot;shutter_speed&quot;:&quot;0.000625&quot;,&quot;title&quot;:&quot;NASCAR: NASCAR O;Reilly Series at Texas Motor Speedway&quot;,&quot;orientation&quot;:&quot;1&quot;}\" data-image-title=\"NASCAR: NASCAR O;Reilly Series at Texas Motor Speedway\" data-image-description=\"\" data-image-caption=\"&lt;p&gt;April 1, 2026; Ft. Worth, Texas, USA;  A general view of the pit lane during practice for the 22nd Annual Andy\u00d5s Frozen Custard 340 race at Texas Motor Speedway.   Photo Credit: Michael C. Johnson&lt;\/p&gt;\n\" data-large-file=\"https:\/\/i0.wp.com\/racedaysa.com\/wp-content\/uploads\/2026\/05\/32_6355a-scaled.jpg?fit=640%2C427\" aria-describedby=\"caption-attachment-57662\" class=\"size-large wp-image-57662\" src=\"https:\/\/i0.wp.com\/racedaysa.com\/wp-content\/uploads\/2026\/05\/32_6355a.jpg?resize=640%2C427\" alt=\"\" width=\"640\" height=\"427\" srcset=\"https:\/\/i0.wp.com\/racedaysa.com\/wp-content\/uploads\/2026\/05\/32_6355a-scaled.jpg?resize=640%2C427 640w, https:\/\/i0.wp.com\/racedaysa.com\/wp-content\/uploads\/2026\/05\/32_6355a-scaled.jpg?resize=300%2C200 300w, https:\/\/i0.wp.com\/racedaysa.com\/wp-content\/uploads\/2026\/05\/32_6355a-scaled.jpg?resize=768%2C512 768w, https:\/\/i0.wp.com\/racedaysa.com\/wp-content\/uploads\/2026\/05\/32_6355a-scaled.jpg?resize=1536%2C1024 1536w, https:\/\/i0.wp.com\/racedaysa.com\/wp-content\/uploads\/2026\/05\/32_6355a-scaled.jpg?resize=2048%2C1365 2048w, https:\/\/i0.wp.com\/racedaysa.com\/wp-content\/uploads\/2026\/05\/32_6355a-scaled.jpg?resize=284%2C190 284w, https:\/\/i0.wp.com\/racedaysa.com\/wp-content\/uploads\/2026\/05\/32_6355a-scaled.jpg?resize=99%2C66 99w\" sizes=\"auto, (max-width: 640px) 100vw, 640px\" \/><p id=\"caption-attachment-57662\" class=\"wp-caption-text\">April 1, 2026; Ft. Worth, Texas, USA; A general view of the pit lane during practice for the 22nd Annual Andy\u00d5s Frozen Custard 340 race at Texas Motor Speedway. Photo Credit: Michael C. Johnson<\/p><\/div>\n<p>&nbsp;<\/p>\n<div id=\"attachment_57661\" style=\"width: 650px\" class=\"wp-caption aligncenter\"><img data-recalc-dims=\"1\" loading=\"lazy\" decoding=\"async\" data-attachment-id=\"57661\" data-permalink=\"http:\/\/racedaysa.com\/index.php\/2026\/05\/01\/photos-nascar-oreilly-auto-parts-series-qualifying-friday-at-texas-motor-speedway\/nascar-nascar-oreilly-series-at-texas-motor-speedway-20\/\" data-orig-file=\"https:\/\/i0.wp.com\/racedaysa.com\/wp-content\/uploads\/2026\/05\/32_6342a-scaled.jpg?fit=2560%2C1707\" data-orig-size=\"2560,1707\" data-comments-opened=\"0\" data-image-meta=\"{&quot;aperture&quot;:&quot;11&quot;,&quot;credit&quot;:&quot;Michael C. Johnson&quot;,&quot;camera&quot;:&quot;Canon EOS R3&quot;,&quot;caption&quot;:&quot;April 1, 2026; Ft. Worth, Texas, USA;  NASCAR O\\u00d5Reilly Auto Parts Series driver Austin Hill (21) during practice for the 22nd Annual Andy\\u00d5s Frozen Custard 340 race at Texas Motor Speedway.   Photo Credit: Michael C. Johnson&quot;,&quot;created_timestamp&quot;:&quot;1777673071&quot;,&quot;copyright&quot;:&quot;Michael C. Johnson&quot;,&quot;focal_length&quot;:&quot;375&quot;,&quot;iso&quot;:&quot;1250&quot;,&quot;shutter_speed&quot;:&quot;0.000625&quot;,&quot;title&quot;:&quot;NASCAR: NASCAR O;Reilly Series at Texas Motor Speedway&quot;,&quot;orientation&quot;:&quot;1&quot;}\" data-image-title=\"NASCAR: NASCAR O;Reilly Series at Texas Motor Speedway\" data-image-description=\"\" data-image-caption=\"&lt;p&gt;April 1, 2026; Ft. Worth, Texas, USA;  NASCAR O\u00d5Reilly Auto Parts Series driver Austin Hill (21) during practice for the 22nd Annual Andy\u00d5s Frozen Custard 340 race at Texas Motor Speedway.   Photo Credit: Michael C. Johnson&lt;\/p&gt;\n\" data-large-file=\"https:\/\/i0.wp.com\/racedaysa.com\/wp-content\/uploads\/2026\/05\/32_6342a-scaled.jpg?fit=640%2C427\" aria-describedby=\"caption-attachment-57661\" class=\"size-large wp-image-57661\" src=\"https:\/\/i0.wp.com\/racedaysa.com\/wp-content\/uploads\/2026\/05\/32_6342a.jpg?resize=640%2C427\" alt=\"\" width=\"640\" height=\"427\" srcset=\"https:\/\/i0.wp.com\/racedaysa.com\/wp-content\/uploads\/2026\/05\/32_6342a-scaled.jpg?resize=640%2C427 640w, https:\/\/i0.wp.com\/racedaysa.com\/wp-content\/uploads\/2026\/05\/32_6342a-scaled.jpg?resize=300%2C200 300w, https:\/\/i0.wp.com\/racedaysa.com\/wp-content\/uploads\/2026\/05\/32_6342a-scaled.jpg?resize=768%2C512 768w, https:\/\/i0.wp.com\/racedaysa.com\/wp-content\/uploads\/2026\/05\/32_6342a-scaled.jpg?resize=1536%2C1024 1536w, https:\/\/i0.wp.com\/racedaysa.com\/wp-content\/uploads\/2026\/05\/32_6342a-scaled.jpg?resize=2048%2C1366 2048w, https:\/\/i0.wp.com\/racedaysa.com\/wp-content\/uploads\/2026\/05\/32_6342a-scaled.jpg?resize=284%2C190 284w, https:\/\/i0.wp.com\/racedaysa.com\/wp-content\/uploads\/2026\/05\/32_6342a-scaled.jpg?resize=99%2C66 99w\" sizes=\"auto, (max-width: 640px) 100vw, 640px\" \/><p id=\"caption-attachment-57661\" class=\"wp-caption-text\">April 1, 2026; Ft. Worth, Texas, USA; NASCAR O\u00d5Reilly Auto Parts Series driver Austin Hill (21) during practice for the 22nd Annual Andy\u00d5s Frozen Custard 340 race at Texas Motor Speedway. Photo Credit: Michael C. Johnson<\/p><\/div>\n<p>&nbsp;<\/p>\n<div id=\"attachment_57660\" style=\"width: 650px\" class=\"wp-caption aligncenter\"><img data-recalc-dims=\"1\" loading=\"lazy\" decoding=\"async\" data-attachment-id=\"57660\" data-permalink=\"http:\/\/racedaysa.com\/index.php\/2026\/05\/01\/photos-nascar-oreilly-auto-parts-series-qualifying-friday-at-texas-motor-speedway\/nascar-nascar-oreilly-series-at-texas-motor-speedway-19\/\" data-orig-file=\"https:\/\/i0.wp.com\/racedaysa.com\/wp-content\/uploads\/2026\/05\/32_6339a-scaled.jpg?fit=2560%2C1707\" data-orig-size=\"2560,1707\" data-comments-opened=\"0\" data-image-meta=\"{&quot;aperture&quot;:&quot;13&quot;,&quot;credit&quot;:&quot;Michael C. Johnson&quot;,&quot;camera&quot;:&quot;Canon EOS R3&quot;,&quot;caption&quot;:&quot;April 1, 2026; Ft. Worth, Texas, USA;  NASCAR O\\u00d5Reilly Auto Parts Series driver Lavar Scott (45), NASCAR O\\u00d5Reilly Auto Parts Series driver Dean Thompson (26) and NASCAR O\\u00d5Reilly Auto Parts Series driver Sheldon Creed (00) during practice for the 22nd Annual Andy\\u00d5s Frozen Custard 340 race at Texas Motor Speedway.   Photo Credit: Michael C. Johnson&quot;,&quot;created_timestamp&quot;:&quot;1777673062&quot;,&quot;copyright&quot;:&quot;Michael C. Johnson&quot;,&quot;focal_length&quot;:&quot;375&quot;,&quot;iso&quot;:&quot;1250&quot;,&quot;shutter_speed&quot;:&quot;0.000625&quot;,&quot;title&quot;:&quot;NASCAR: NASCAR O;Reilly Series at Texas Motor Speedway&quot;,&quot;orientation&quot;:&quot;1&quot;}\" data-image-title=\"NASCAR: NASCAR O;Reilly Series at Texas Motor Speedway\" data-image-description=\"\" data-image-caption=\"&lt;p&gt;April 1, 2026; Ft. Worth, Texas, USA;  NASCAR O\u00d5Reilly Auto Parts Series driver Lavar Scott (45), NASCAR O\u00d5Reilly Auto Parts Series driver Dean Thompson (26) and NASCAR O\u00d5Reilly Auto Parts Series driver Sheldon Creed (00) during practice for the 22nd Annual Andy\u00d5s Frozen Custard 340 race at Texas Motor Speedway.   Photo Credit: Michael C. Johnson&lt;\/p&gt;\n\" data-large-file=\"https:\/\/i0.wp.com\/racedaysa.com\/wp-content\/uploads\/2026\/05\/32_6339a-scaled.jpg?fit=640%2C427\" aria-describedby=\"caption-attachment-57660\" class=\"size-large wp-image-57660\" src=\"https:\/\/i0.wp.com\/racedaysa.com\/wp-content\/uploads\/2026\/05\/32_6339a.jpg?resize=640%2C427\" alt=\"\" width=\"640\" height=\"427\" srcset=\"https:\/\/i0.wp.com\/racedaysa.com\/wp-content\/uploads\/2026\/05\/32_6339a-scaled.jpg?resize=640%2C427 640w, https:\/\/i0.wp.com\/racedaysa.com\/wp-content\/uploads\/2026\/05\/32_6339a-scaled.jpg?resize=300%2C200 300w, https:\/\/i0.wp.com\/racedaysa.com\/wp-content\/uploads\/2026\/05\/32_6339a-scaled.jpg?resize=768%2C512 768w, https:\/\/i0.wp.com\/racedaysa.com\/wp-content\/uploads\/2026\/05\/32_6339a-scaled.jpg?resize=1536%2C1024 1536w, https:\/\/i0.wp.com\/racedaysa.com\/wp-content\/uploads\/2026\/05\/32_6339a-scaled.jpg?resize=2048%2C1365 2048w, https:\/\/i0.wp.com\/racedaysa.com\/wp-content\/uploads\/2026\/05\/32_6339a-scaled.jpg?resize=284%2C190 284w, https:\/\/i0.wp.com\/racedaysa.com\/wp-content\/uploads\/2026\/05\/32_6339a-scaled.jpg?resize=99%2C66 99w\" sizes=\"auto, (max-width: 640px) 100vw, 640px\" \/><p id=\"caption-attachment-57660\" class=\"wp-caption-text\">April 1, 2026; Ft. Worth, Texas, USA; NASCAR O\u00d5Reilly Auto Parts Series driver Lavar Scott (45), NASCAR O\u00d5Reilly Auto Parts Series driver Dean Thompson (26) and NASCAR O\u00d5Reilly Auto Parts Series driver Sheldon Creed (00) during practice for the 22nd Annual Andy\u00d5s Frozen Custard 340 race at Texas Motor Speedway. Photo Credit: Michael C. Johnson<\/p><\/div>\n<p>&nbsp;<\/p>\n<div id=\"attachment_57659\" style=\"width: 650px\" class=\"wp-caption aligncenter\"><img data-recalc-dims=\"1\" loading=\"lazy\" decoding=\"async\" data-attachment-id=\"57659\" data-permalink=\"http:\/\/racedaysa.com\/index.php\/2026\/05\/01\/photos-nascar-oreilly-auto-parts-series-qualifying-friday-at-texas-motor-speedway\/nascar-nascar-oreilly-series-at-texas-motor-speedway-18\/\" data-orig-file=\"https:\/\/i0.wp.com\/racedaysa.com\/wp-content\/uploads\/2026\/05\/32_6332a-scaled.jpg?fit=2560%2C1707\" data-orig-size=\"2560,1707\" data-comments-opened=\"0\" data-image-meta=\"{&quot;aperture&quot;:&quot;11&quot;,&quot;credit&quot;:&quot;Michael C. Johnson&quot;,&quot;camera&quot;:&quot;Canon EOS R3&quot;,&quot;caption&quot;:&quot;April 1, 2026; Ft. Worth, Texas, USA;  NASCAR O\\u00d5Reilly Auto Parts Series driver Garrett Smithley (0), NASCAR O\\u00d5Reilly Auto Parts Series driver Patrick Staropoli (48) during practice for the 22nd Annual Andy\\u00d5s Frozen Custard 340 race at Texas Motor Speedway.   Photo Credit: Michael C. Johnson&quot;,&quot;created_timestamp&quot;:&quot;1777673050&quot;,&quot;copyright&quot;:&quot;Michael C. Johnson&quot;,&quot;focal_length&quot;:&quot;375&quot;,&quot;iso&quot;:&quot;1250&quot;,&quot;shutter_speed&quot;:&quot;0.000625&quot;,&quot;title&quot;:&quot;NASCAR: NASCAR O;Reilly Series at Texas Motor Speedway&quot;,&quot;orientation&quot;:&quot;1&quot;}\" data-image-title=\"NASCAR: NASCAR O;Reilly Series at Texas Motor Speedway\" data-image-description=\"\" data-image-caption=\"&lt;p&gt;April 1, 2026; Ft. Worth, Texas, USA;  NASCAR O\u00d5Reilly Auto Parts Series driver Garrett Smithley (0), NASCAR O\u00d5Reilly Auto Parts Series driver Patrick Staropoli (48) during practice for the 22nd Annual Andy\u00d5s Frozen Custard 340 race at Texas Motor Speedway.   Photo Credit: Michael C. Johnson&lt;\/p&gt;\n\" data-large-file=\"https:\/\/i0.wp.com\/racedaysa.com\/wp-content\/uploads\/2026\/05\/32_6332a-scaled.jpg?fit=640%2C427\" aria-describedby=\"caption-attachment-57659\" class=\"size-large wp-image-57659\" src=\"https:\/\/i0.wp.com\/racedaysa.com\/wp-content\/uploads\/2026\/05\/32_6332a.jpg?resize=640%2C427\" alt=\"\" width=\"640\" height=\"427\" srcset=\"https:\/\/i0.wp.com\/racedaysa.com\/wp-content\/uploads\/2026\/05\/32_6332a-scaled.jpg?resize=640%2C427 640w, https:\/\/i0.wp.com\/racedaysa.com\/wp-content\/uploads\/2026\/05\/32_6332a-scaled.jpg?resize=300%2C200 300w, https:\/\/i0.wp.com\/racedaysa.com\/wp-content\/uploads\/2026\/05\/32_6332a-scaled.jpg?resize=768%2C512 768w, https:\/\/i0.wp.com\/racedaysa.com\/wp-content\/uploads\/2026\/05\/32_6332a-scaled.jpg?resize=1536%2C1024 1536w, https:\/\/i0.wp.com\/racedaysa.com\/wp-content\/uploads\/2026\/05\/32_6332a-scaled.jpg?resize=2048%2C1366 2048w, https:\/\/i0.wp.com\/racedaysa.com\/wp-content\/uploads\/2026\/05\/32_6332a-scaled.jpg?resize=284%2C190 284w, https:\/\/i0.wp.com\/racedaysa.com\/wp-content\/uploads\/2026\/05\/32_6332a-scaled.jpg?resize=99%2C66 99w\" sizes=\"auto, (max-width: 640px) 100vw, 640px\" \/><p id=\"caption-attachment-57659\" class=\"wp-caption-text\">April 1, 2026; Ft. Worth, Texas, USA; NASCAR O\u00d5Reilly Auto Parts Series driver Garrett Smithley (0), NASCAR O\u00d5Reilly Auto Parts Series driver Patrick Staropoli (48) during practice for the 22nd Annual Andy\u00d5s Frozen Custard 340 race at Texas Motor Speedway. Photo Credit: Michael C. Johnson<\/p><\/div>\n<p>&nbsp;<\/p>\n<div id=\"attachment_57658\" style=\"width: 650px\" class=\"wp-caption aligncenter\"><img data-recalc-dims=\"1\" loading=\"lazy\" decoding=\"async\" data-attachment-id=\"57658\" data-permalink=\"http:\/\/racedaysa.com\/index.php\/2026\/05\/01\/photos-nascar-oreilly-auto-parts-series-qualifying-friday-at-texas-motor-speedway\/nascar-nascar-oreilly-series-at-texas-motor-speedway-17\/\" data-orig-file=\"https:\/\/i0.wp.com\/racedaysa.com\/wp-content\/uploads\/2026\/05\/32_6324a-scaled.jpg?fit=2560%2C1706\" data-orig-size=\"2560,1706\" data-comments-opened=\"0\" data-image-meta=\"{&quot;aperture&quot;:&quot;11&quot;,&quot;credit&quot;:&quot;Michael C. Johnson&quot;,&quot;camera&quot;:&quot;Canon EOS R3&quot;,&quot;caption&quot;:&quot;April 1, 2026; Ft. Worth, Texas, USA;  NASCAR O\\u00d5Reilly Auto Parts Series driver Justin Allgaier (7) and NASCAR O\\u00d5Reilly Auto Parts Series driver Rajah Caruth (32) during practice for the 22nd Annual Andy\\u00d5s Frozen Custard 340 race at Texas Motor Speedway.   Photo Credit: Michael C. Johnson&quot;,&quot;created_timestamp&quot;:&quot;1777673025&quot;,&quot;copyright&quot;:&quot;Michael C. Johnson&quot;,&quot;focal_length&quot;:&quot;260&quot;,&quot;iso&quot;:&quot;1250&quot;,&quot;shutter_speed&quot;:&quot;0.000625&quot;,&quot;title&quot;:&quot;NASCAR: NASCAR O;Reilly Series at Texas Motor Speedway&quot;,&quot;orientation&quot;:&quot;1&quot;}\" data-image-title=\"NASCAR: NASCAR O;Reilly Series at Texas Motor Speedway\" data-image-description=\"\" data-image-caption=\"&lt;p&gt;April 1, 2026; Ft. Worth, Texas, USA;  NASCAR O\u00d5Reilly Auto Parts Series driver Justin Allgaier (7) and NASCAR O\u00d5Reilly Auto Parts Series driver Rajah Caruth (32) during practice for the 22nd Annual Andy\u00d5s Frozen Custard 340 race at Texas Motor Speedway.   Photo Credit: Michael C. Johnson&lt;\/p&gt;\n\" data-large-file=\"https:\/\/i0.wp.com\/racedaysa.com\/wp-content\/uploads\/2026\/05\/32_6324a-scaled.jpg?fit=640%2C427\" aria-describedby=\"caption-attachment-57658\" class=\"size-large wp-image-57658\" src=\"https:\/\/i0.wp.com\/racedaysa.com\/wp-content\/uploads\/2026\/05\/32_6324a.jpg?resize=640%2C427\" alt=\"\" width=\"640\" height=\"427\" srcset=\"https:\/\/i0.wp.com\/racedaysa.com\/wp-content\/uploads\/2026\/05\/32_6324a-scaled.jpg?resize=640%2C427 640w, https:\/\/i0.wp.com\/racedaysa.com\/wp-content\/uploads\/2026\/05\/32_6324a-scaled.jpg?resize=300%2C200 300w, https:\/\/i0.wp.com\/racedaysa.com\/wp-content\/uploads\/2026\/05\/32_6324a-scaled.jpg?resize=768%2C512 768w, https:\/\/i0.wp.com\/racedaysa.com\/wp-content\/uploads\/2026\/05\/32_6324a-scaled.jpg?resize=1536%2C1024 1536w, https:\/\/i0.wp.com\/racedaysa.com\/wp-content\/uploads\/2026\/05\/32_6324a-scaled.jpg?resize=2048%2C1365 2048w, https:\/\/i0.wp.com\/racedaysa.com\/wp-content\/uploads\/2026\/05\/32_6324a-scaled.jpg?resize=284%2C190 284w, https:\/\/i0.wp.com\/racedaysa.com\/wp-content\/uploads\/2026\/05\/32_6324a-scaled.jpg?resize=99%2C66 99w\" sizes=\"auto, (max-width: 640px) 100vw, 640px\" \/><p id=\"caption-attachment-57658\" class=\"wp-caption-text\">April 1, 2026; Ft. Worth, Texas, USA; NASCAR O\u00d5Reilly Auto Parts Series driver Justin Allgaier (7) and NASCAR O\u00d5Reilly Auto Parts Series driver Rajah Caruth (32) during practice for the 22nd Annual Andy\u00d5s Frozen Custard 340 race at Texas Motor Speedway. Photo Credit: Michael C. Johnson<\/p><\/div>\n<p>&nbsp;<\/p>\n<div id=\"attachment_57657\" style=\"width: 650px\" class=\"wp-caption aligncenter\"><img data-recalc-dims=\"1\" loading=\"lazy\" decoding=\"async\" data-attachment-id=\"57657\" data-permalink=\"http:\/\/racedaysa.com\/index.php\/2026\/05\/01\/photos-nascar-oreilly-auto-parts-series-qualifying-friday-at-texas-motor-speedway\/nascar-nascar-oreilly-series-at-texas-motor-speedway-16\/\" data-orig-file=\"https:\/\/i0.wp.com\/racedaysa.com\/wp-content\/uploads\/2026\/05\/32_6314a-scaled.jpg?fit=2560%2C1706\" data-orig-size=\"2560,1706\" data-comments-opened=\"0\" data-image-meta=\"{&quot;aperture&quot;:&quot;11&quot;,&quot;credit&quot;:&quot;Michael C. Johnson&quot;,&quot;camera&quot;:&quot;Canon EOS R3&quot;,&quot;caption&quot;:&quot;April 1, 2026; Ft. Worth, Texas, USA;  NASCAR O\\u00d5Reilly Auto Parts Series driver Josh Bilicki (07) and NASCAR O\\u00d5Reilly Auto Parts Series driver Austin Green (87) during practice for the 22nd Annual Andy\\u00d5s Frozen Custard 340 race at Texas Motor Speedway.   Photo Credit: Michael C. Johnson&quot;,&quot;created_timestamp&quot;:&quot;1777673014&quot;,&quot;copyright&quot;:&quot;Michael C. Johnson&quot;,&quot;focal_length&quot;:&quot;320&quot;,&quot;iso&quot;:&quot;1250&quot;,&quot;shutter_speed&quot;:&quot;0.000625&quot;,&quot;title&quot;:&quot;NASCAR: NASCAR O;Reilly Series at Texas Motor Speedway&quot;,&quot;orientation&quot;:&quot;1&quot;}\" data-image-title=\"NASCAR: NASCAR O;Reilly Series at Texas Motor Speedway\" data-image-description=\"\" data-image-caption=\"&lt;p&gt;April 1, 2026; Ft. Worth, Texas, USA;  NASCAR O\u00d5Reilly Auto Parts Series driver Josh Bilicki (07) and NASCAR O\u00d5Reilly Auto Parts Series driver Austin Green (87) during practice for the 22nd Annual Andy\u00d5s Frozen Custard 340 race at Texas Motor Speedway.   Photo Credit: Michael C. Johnson&lt;\/p&gt;\n\" data-large-file=\"https:\/\/i0.wp.com\/racedaysa.com\/wp-content\/uploads\/2026\/05\/32_6314a-scaled.jpg?fit=640%2C427\" aria-describedby=\"caption-attachment-57657\" class=\"size-large wp-image-57657\" src=\"https:\/\/i0.wp.com\/racedaysa.com\/wp-content\/uploads\/2026\/05\/32_6314a.jpg?resize=640%2C427\" alt=\"\" width=\"640\" height=\"427\" srcset=\"https:\/\/i0.wp.com\/racedaysa.com\/wp-content\/uploads\/2026\/05\/32_6314a-scaled.jpg?resize=640%2C427 640w, https:\/\/i0.wp.com\/racedaysa.com\/wp-content\/uploads\/2026\/05\/32_6314a-scaled.jpg?resize=300%2C200 300w, https:\/\/i0.wp.com\/racedaysa.com\/wp-content\/uploads\/2026\/05\/32_6314a-scaled.jpg?resize=768%2C512 768w, https:\/\/i0.wp.com\/racedaysa.com\/wp-content\/uploads\/2026\/05\/32_6314a-scaled.jpg?resize=1536%2C1024 1536w, https:\/\/i0.wp.com\/racedaysa.com\/wp-content\/uploads\/2026\/05\/32_6314a-scaled.jpg?resize=2048%2C1365 2048w, https:\/\/i0.wp.com\/racedaysa.com\/wp-content\/uploads\/2026\/05\/32_6314a-scaled.jpg?resize=284%2C190 284w, https:\/\/i0.wp.com\/racedaysa.com\/wp-content\/uploads\/2026\/05\/32_6314a-scaled.jpg?resize=99%2C66 99w\" sizes=\"auto, (max-width: 640px) 100vw, 640px\" \/><p id=\"caption-attachment-57657\" class=\"wp-caption-text\">April 1, 2026; Ft. Worth, Texas, USA; NASCAR O\u00d5Reilly Auto Parts Series driver Josh Bilicki (07) and NASCAR O\u00d5Reilly Auto Parts Series driver Austin Green (87) during practice for the 22nd Annual Andy\u00d5s Frozen Custard 340 race at Texas Motor Speedway. Photo Credit: Michael C. Johnson<\/p><\/div>\n<p>&nbsp;<\/p>\n<div id=\"attachment_57656\" style=\"width: 650px\" class=\"wp-caption aligncenter\"><img data-recalc-dims=\"1\" loading=\"lazy\" decoding=\"async\" data-attachment-id=\"57656\" data-permalink=\"http:\/\/racedaysa.com\/index.php\/2026\/05\/01\/photos-nascar-oreilly-auto-parts-series-qualifying-friday-at-texas-motor-speedway\/nascar-nascar-oreilly-series-at-texas-motor-speedway-15\/\" data-orig-file=\"https:\/\/i0.wp.com\/racedaysa.com\/wp-content\/uploads\/2026\/05\/32_6308a-scaled.jpg?fit=2560%2C1707\" data-orig-size=\"2560,1707\" data-comments-opened=\"0\" data-image-meta=\"{&quot;aperture&quot;:&quot;11&quot;,&quot;credit&quot;:&quot;Michael C. Johnson&quot;,&quot;camera&quot;:&quot;Canon EOS R3&quot;,&quot;caption&quot;:&quot;April 1, 2026; Ft. Worth, Texas, USA;  NASCAR O\\u00d5Reilly Auto Parts Series driver Rajah Caruth (32) and NASCAR O\\u00d5Reilly Auto Parts Series driver Justin Allgaier (7) during practice for the 22nd Annual Andy\\u00d5s Frozen Custard 340 race at Texas Motor Speedway.   Photo Credit: Michael C. Johnson&quot;,&quot;created_timestamp&quot;:&quot;1777672995&quot;,&quot;copyright&quot;:&quot;Michael C. Johnson&quot;,&quot;focal_length&quot;:&quot;300&quot;,&quot;iso&quot;:&quot;1250&quot;,&quot;shutter_speed&quot;:&quot;0.000625&quot;,&quot;title&quot;:&quot;NASCAR: NASCAR O;Reilly Series at Texas Motor Speedway&quot;,&quot;orientation&quot;:&quot;1&quot;}\" data-image-title=\"NASCAR: NASCAR O;Reilly Series at Texas Motor Speedway\" data-image-description=\"\" data-image-caption=\"&lt;p&gt;April 1, 2026; Ft. Worth, Texas, USA;  NASCAR O\u00d5Reilly Auto Parts Series driver Rajah Caruth (32) and NASCAR O\u00d5Reilly Auto Parts Series driver Justin Allgaier (7) during practice for the 22nd Annual Andy\u00d5s Frozen Custard 340 race at Texas Motor Speedway.   Photo Credit: Michael C. Johnson&lt;\/p&gt;\n\" data-large-file=\"https:\/\/i0.wp.com\/racedaysa.com\/wp-content\/uploads\/2026\/05\/32_6308a-scaled.jpg?fit=640%2C427\" aria-describedby=\"caption-attachment-57656\" class=\"size-large wp-image-57656\" src=\"https:\/\/i0.wp.com\/racedaysa.com\/wp-content\/uploads\/2026\/05\/32_6308a.jpg?resize=640%2C427\" alt=\"\" width=\"640\" height=\"427\" srcset=\"https:\/\/i0.wp.com\/racedaysa.com\/wp-content\/uploads\/2026\/05\/32_6308a-scaled.jpg?resize=640%2C427 640w, https:\/\/i0.wp.com\/racedaysa.com\/wp-content\/uploads\/2026\/05\/32_6308a-scaled.jpg?resize=300%2C200 300w, https:\/\/i0.wp.com\/racedaysa.com\/wp-content\/uploads\/2026\/05\/32_6308a-scaled.jpg?resize=768%2C512 768w, https:\/\/i0.wp.com\/racedaysa.com\/wp-content\/uploads\/2026\/05\/32_6308a-scaled.jpg?resize=1536%2C1024 1536w, https:\/\/i0.wp.com\/racedaysa.com\/wp-content\/uploads\/2026\/05\/32_6308a-scaled.jpg?resize=2048%2C1366 2048w, https:\/\/i0.wp.com\/racedaysa.com\/wp-content\/uploads\/2026\/05\/32_6308a-scaled.jpg?resize=284%2C190 284w, https:\/\/i0.wp.com\/racedaysa.com\/wp-content\/uploads\/2026\/05\/32_6308a-scaled.jpg?resize=99%2C66 99w\" sizes=\"auto, (max-width: 640px) 100vw, 640px\" \/><p id=\"caption-attachment-57656\" class=\"wp-caption-text\">April 1, 2026; Ft. Worth, Texas, USA; NASCAR O\u00d5Reilly Auto Parts Series driver Rajah Caruth (32) and NASCAR O\u00d5Reilly Auto Parts Series driver Justin Allgaier (7) during practice for the 22nd Annual Andy\u00d5s Frozen Custard 340 race at Texas Motor Speedway. Photo Credit: Michael C. Johnson<\/p><\/div>\n<p>&nbsp;<\/p>\n<div id=\"attachment_57655\" style=\"width: 650px\" class=\"wp-caption aligncenter\"><img data-recalc-dims=\"1\" loading=\"lazy\" decoding=\"async\" data-attachment-id=\"57655\" data-permalink=\"http:\/\/racedaysa.com\/index.php\/2026\/05\/01\/photos-nascar-oreilly-auto-parts-series-qualifying-friday-at-texas-motor-speedway\/nascar-nascar-oreilly-series-at-texas-motor-speedway-14\/\" data-orig-file=\"https:\/\/i0.wp.com\/racedaysa.com\/wp-content\/uploads\/2026\/05\/32_6298a-scaled.jpg?fit=2560%2C1706\" data-orig-size=\"2560,1706\" data-comments-opened=\"0\" data-image-meta=\"{&quot;aperture&quot;:&quot;11&quot;,&quot;credit&quot;:&quot;Michael C. Johnson&quot;,&quot;camera&quot;:&quot;Canon EOS R3&quot;,&quot;caption&quot;:&quot;April 1, 2026; Ft. Worth, Texas, USA;  NASCAR O\\u00d5Reilly Auto Parts Series driver Taylor Gray (54) during practice for the 22nd Annual Andy\\u00d5s Frozen Custard 340 race at Texas Motor Speedway.   Photo Credit: Michael C. Johnson&quot;,&quot;created_timestamp&quot;:&quot;1777672985&quot;,&quot;copyright&quot;:&quot;Michael C. Johnson&quot;,&quot;focal_length&quot;:&quot;375&quot;,&quot;iso&quot;:&quot;1250&quot;,&quot;shutter_speed&quot;:&quot;0.000625&quot;,&quot;title&quot;:&quot;NASCAR: NASCAR O;Reilly Series at Texas Motor Speedway&quot;,&quot;orientation&quot;:&quot;1&quot;}\" data-image-title=\"NASCAR: NASCAR O;Reilly Series at Texas Motor Speedway\" data-image-description=\"\" data-image-caption=\"&lt;p&gt;April 1, 2026; Ft. Worth, Texas, USA;  NASCAR O\u00d5Reilly Auto Parts Series driver Taylor Gray (54) during practice for the 22nd Annual Andy\u00d5s Frozen Custard 340 race at Texas Motor Speedway.   Photo Credit: Michael C. Johnson&lt;\/p&gt;\n\" data-large-file=\"https:\/\/i0.wp.com\/racedaysa.com\/wp-content\/uploads\/2026\/05\/32_6298a-scaled.jpg?fit=640%2C427\" aria-describedby=\"caption-attachment-57655\" class=\"size-large wp-image-57655\" src=\"https:\/\/i0.wp.com\/racedaysa.com\/wp-content\/uploads\/2026\/05\/32_6298a.jpg?resize=640%2C427\" alt=\"\" width=\"640\" height=\"427\" srcset=\"https:\/\/i0.wp.com\/racedaysa.com\/wp-content\/uploads\/2026\/05\/32_6298a-scaled.jpg?resize=640%2C427 640w, https:\/\/i0.wp.com\/racedaysa.com\/wp-content\/uploads\/2026\/05\/32_6298a-scaled.jpg?resize=300%2C200 300w, https:\/\/i0.wp.com\/racedaysa.com\/wp-content\/uploads\/2026\/05\/32_6298a-scaled.jpg?resize=768%2C512 768w, https:\/\/i0.wp.com\/racedaysa.com\/wp-content\/uploads\/2026\/05\/32_6298a-scaled.jpg?resize=1536%2C1024 1536w, https:\/\/i0.wp.com\/racedaysa.com\/wp-content\/uploads\/2026\/05\/32_6298a-scaled.jpg?resize=2048%2C1365 2048w, https:\/\/i0.wp.com\/racedaysa.com\/wp-content\/uploads\/2026\/05\/32_6298a-scaled.jpg?resize=284%2C190 284w, https:\/\/i0.wp.com\/racedaysa.com\/wp-content\/uploads\/2026\/05\/32_6298a-scaled.jpg?resize=99%2C66 99w\" sizes=\"auto, (max-width: 640px) 100vw, 640px\" \/><p id=\"caption-attachment-57655\" class=\"wp-caption-text\">April 1, 2026; Ft. Worth, Texas, USA; NASCAR O\u00d5Reilly Auto Parts Series driver Taylor Gray (54) during practice for the 22nd Annual Andy\u00d5s Frozen Custard 340 race at Texas Motor Speedway. Photo Credit: Michael C. Johnson<\/p><\/div>\n<p>&nbsp;<\/p>\n<div id=\"attachment_57654\" style=\"width: 437px\" class=\"wp-caption aligncenter\"><img data-recalc-dims=\"1\" loading=\"lazy\" decoding=\"async\" data-attachment-id=\"57654\" data-permalink=\"http:\/\/racedaysa.com\/index.php\/2026\/05\/01\/photos-nascar-oreilly-auto-parts-series-qualifying-friday-at-texas-motor-speedway\/nascar-nascar-oreilly-series-at-texas-motor-speedway-13\/\" data-orig-file=\"https:\/\/i0.wp.com\/racedaysa.com\/wp-content\/uploads\/2026\/05\/32_6286a-scaled.jpg?fit=1707%2C2560\" data-orig-size=\"1707,2560\" data-comments-opened=\"0\" data-image-meta=\"{&quot;aperture&quot;:&quot;11&quot;,&quot;credit&quot;:&quot;Michael C. Johnson&quot;,&quot;camera&quot;:&quot;Canon EOS R3&quot;,&quot;caption&quot;:&quot;April 1, 2026; Ft. Worth, Texas, USA;  NASCAR O\\u00d5Reilly Auto Parts Series driver Josh Williams (92) and NASCAR O\\u00d5Reilly Auto Parts Series driver Austin Dillion (3) during practice for the 22nd Annual Andy\\u00d5s Frozen Custard 340 race at Texas Motor Speedway.   Photo Credit: Michael C. Johnson&quot;,&quot;created_timestamp&quot;:&quot;1777672982&quot;,&quot;copyright&quot;:&quot;Michael C. Johnson&quot;,&quot;focal_length&quot;:&quot;235&quot;,&quot;iso&quot;:&quot;1250&quot;,&quot;shutter_speed&quot;:&quot;0.000625&quot;,&quot;title&quot;:&quot;NASCAR: NASCAR O;Reilly Series at Texas Motor Speedway&quot;,&quot;orientation&quot;:&quot;1&quot;}\" data-image-title=\"NASCAR: NASCAR O;Reilly Series at Texas Motor Speedway\" data-image-description=\"\" data-image-caption=\"&lt;p&gt;April 1, 2026; Ft. Worth, Texas, USA;  NASCAR O\u00d5Reilly Auto Parts Series driver Josh Williams (92) and NASCAR O\u00d5Reilly Auto Parts Series driver Austin Dillion (3) during practice for the 22nd Annual Andy\u00d5s Frozen Custard 340 race at Texas Motor Speedway.   Photo Credit: Michael C. Johnson&lt;\/p&gt;\n\" data-large-file=\"https:\/\/i0.wp.com\/racedaysa.com\/wp-content\/uploads\/2026\/05\/32_6286a-scaled.jpg?fit=427%2C640\" aria-describedby=\"caption-attachment-57654\" class=\"size-large wp-image-57654\" src=\"https:\/\/i0.wp.com\/racedaysa.com\/wp-content\/uploads\/2026\/05\/32_6286a.jpg?resize=427%2C640\" alt=\"\" width=\"427\" height=\"640\" srcset=\"https:\/\/i0.wp.com\/racedaysa.com\/wp-content\/uploads\/2026\/05\/32_6286a-scaled.jpg?resize=427%2C640 427w, https:\/\/i0.wp.com\/racedaysa.com\/wp-content\/uploads\/2026\/05\/32_6286a-scaled.jpg?resize=200%2C300 200w, https:\/\/i0.wp.com\/racedaysa.com\/wp-content\/uploads\/2026\/05\/32_6286a-scaled.jpg?resize=768%2C1152 768w, https:\/\/i0.wp.com\/racedaysa.com\/wp-content\/uploads\/2026\/05\/32_6286a-scaled.jpg?resize=1024%2C1536 1024w, https:\/\/i0.wp.com\/racedaysa.com\/wp-content\/uploads\/2026\/05\/32_6286a-scaled.jpg?resize=1366%2C2048 1366w, https:\/\/i0.wp.com\/racedaysa.com\/wp-content\/uploads\/2026\/05\/32_6286a-scaled.jpg?w=1707 1707w\" sizes=\"auto, (max-width: 427px) 100vw, 427px\" \/><p id=\"caption-attachment-57654\" class=\"wp-caption-text\">April 1, 2026; Ft. Worth, Texas, USA; NASCAR O\u00d5Reilly Auto Parts Series driver Josh Williams (92) and NASCAR O\u00d5Reilly Auto Parts Series driver Austin Dillion (3) during practice for the 22nd Annual Andy\u00d5s Frozen Custard 340 race at Texas Motor Speedway. Photo Credit: Michael C. Johnson<\/p><\/div>\n<p>&nbsp;<\/p>\n<div id=\"attachment_57653\" style=\"width: 650px\" class=\"wp-caption aligncenter\"><img data-recalc-dims=\"1\" loading=\"lazy\" decoding=\"async\" data-attachment-id=\"57653\" data-permalink=\"http:\/\/racedaysa.com\/index.php\/2026\/05\/01\/photos-nascar-oreilly-auto-parts-series-qualifying-friday-at-texas-motor-speedway\/nascar-nascar-oreilly-series-at-texas-motor-speedway-12\/\" data-orig-file=\"https:\/\/i0.wp.com\/racedaysa.com\/wp-content\/uploads\/2026\/05\/32_6284a-scaled.jpg?fit=2560%2C1707\" data-orig-size=\"2560,1707\" data-comments-opened=\"0\" data-image-meta=\"{&quot;aperture&quot;:&quot;20&quot;,&quot;credit&quot;:&quot;Michael C. Johnson&quot;,&quot;camera&quot;:&quot;Canon EOS R3&quot;,&quot;caption&quot;:&quot;April 1, 2026; Ft. Worth, Texas, USA;  NASCAR O\\u00d5Reilly Auto Parts Series driver Josh Bilicki (07) and NASCAR O\\u00d5Reilly Auto Parts Series driver Josh Williams (92) during practice for the 22nd Annual Andy\\u00d5s Frozen Custard 340 race at Texas Motor Speedway.   Photo Credit: Michael C. Johnson&quot;,&quot;created_timestamp&quot;:&quot;1777672951&quot;,&quot;copyright&quot;:&quot;Michael C. Johnson&quot;,&quot;focal_length&quot;:&quot;285&quot;,&quot;iso&quot;:&quot;4000&quot;,&quot;shutter_speed&quot;:&quot;0.000625&quot;,&quot;title&quot;:&quot;NASCAR: NASCAR O;Reilly Series at Texas Motor Speedway&quot;,&quot;orientation&quot;:&quot;1&quot;}\" data-image-title=\"NASCAR: NASCAR O;Reilly Series at Texas Motor Speedway\" data-image-description=\"\" data-image-caption=\"&lt;p&gt;April 1, 2026; Ft. Worth, Texas, USA;  NASCAR O\u00d5Reilly Auto Parts Series driver Josh Bilicki (07) and NASCAR O\u00d5Reilly Auto Parts Series driver Josh Williams (92) during practice for the 22nd Annual Andy\u00d5s Frozen Custard 340 race at Texas Motor Speedway.   Photo Credit: Michael C. Johnson&lt;\/p&gt;\n\" data-large-file=\"https:\/\/i0.wp.com\/racedaysa.com\/wp-content\/uploads\/2026\/05\/32_6284a-scaled.jpg?fit=640%2C427\" aria-describedby=\"caption-attachment-57653\" class=\"size-large wp-image-57653\" src=\"https:\/\/i0.wp.com\/racedaysa.com\/wp-content\/uploads\/2026\/05\/32_6284a.jpg?resize=640%2C427\" alt=\"\" width=\"640\" height=\"427\" srcset=\"https:\/\/i0.wp.com\/racedaysa.com\/wp-content\/uploads\/2026\/05\/32_6284a-scaled.jpg?resize=640%2C427 640w, https:\/\/i0.wp.com\/racedaysa.com\/wp-content\/uploads\/2026\/05\/32_6284a-scaled.jpg?resize=300%2C200 300w, https:\/\/i0.wp.com\/racedaysa.com\/wp-content\/uploads\/2026\/05\/32_6284a-scaled.jpg?resize=768%2C512 768w, https:\/\/i0.wp.com\/racedaysa.com\/wp-content\/uploads\/2026\/05\/32_6284a-scaled.jpg?resize=1536%2C1024 1536w, https:\/\/i0.wp.com\/racedaysa.com\/wp-content\/uploads\/2026\/05\/32_6284a-scaled.jpg?resize=2048%2C1365 2048w, https:\/\/i0.wp.com\/racedaysa.com\/wp-content\/uploads\/2026\/05\/32_6284a-scaled.jpg?resize=284%2C190 284w, https:\/\/i0.wp.com\/racedaysa.com\/wp-content\/uploads\/2026\/05\/32_6284a-scaled.jpg?resize=99%2C66 99w\" sizes=\"auto, (max-width: 640px) 100vw, 640px\" \/><p id=\"caption-attachment-57653\" class=\"wp-caption-text\">April 1, 2026; Ft. Worth, Texas, USA; NASCAR O\u00d5Reilly Auto Parts Series driver Josh Bilicki (07) and NASCAR O\u00d5Reilly Auto Parts Series driver Josh Williams (92) during practice for the 22nd Annual Andy\u00d5s Frozen Custard 340 race at Texas Motor Speedway. Photo Credit: Michael C. Johnson<\/p><\/div>\n<p>&nbsp;<\/p>\n<div id=\"attachment_57652\" style=\"width: 650px\" class=\"wp-caption aligncenter\"><img data-recalc-dims=\"1\" loading=\"lazy\" decoding=\"async\" data-attachment-id=\"57652\" data-permalink=\"http:\/\/racedaysa.com\/index.php\/2026\/05\/01\/photos-nascar-oreilly-auto-parts-series-qualifying-friday-at-texas-motor-speedway\/nascar-nascar-oreilly-series-at-texas-motor-speedway-11\/\" data-orig-file=\"https:\/\/i0.wp.com\/racedaysa.com\/wp-content\/uploads\/2026\/05\/32_6280a-scaled.jpg?fit=2560%2C1707\" data-orig-size=\"2560,1707\" data-comments-opened=\"0\" data-image-meta=\"{&quot;aperture&quot;:&quot;20&quot;,&quot;credit&quot;:&quot;Michael C. Johnson&quot;,&quot;camera&quot;:&quot;Canon EOS R3&quot;,&quot;caption&quot;:&quot;April 1, 2026; Ft. Worth, Texas, USA;  NASCAR O\\u00d5Reilly Auto Parts Series driver Austin Hill (21) and NASCAR O\\u00d5Reilly Auto Parts Series driver Jesse Love (2) during practice for the 22nd Annual Andy\\u00d5s Frozen Custard 340 race at Texas Motor Speedway.   Photo Credit: Michael C. Johnson&quot;,&quot;created_timestamp&quot;:&quot;1777672950&quot;,&quot;copyright&quot;:&quot;Michael C. Johnson&quot;,&quot;focal_length&quot;:&quot;285&quot;,&quot;iso&quot;:&quot;4000&quot;,&quot;shutter_speed&quot;:&quot;0.000625&quot;,&quot;title&quot;:&quot;NASCAR: NASCAR O;Reilly Series at Texas Motor Speedway&quot;,&quot;orientation&quot;:&quot;1&quot;}\" data-image-title=\"NASCAR: NASCAR O;Reilly Series at Texas Motor Speedway\" data-image-description=\"\" data-image-caption=\"&lt;p&gt;April 1, 2026; Ft. Worth, Texas, USA;  NASCAR O\u00d5Reilly Auto Parts Series driver Austin Hill (21) and NASCAR O\u00d5Reilly Auto Parts Series driver Jesse Love (2) during practice for the 22nd Annual Andy\u00d5s Frozen Custard 340 race at Texas Motor Speedway.   Photo Credit: Michael C. Johnson&lt;\/p&gt;\n\" data-large-file=\"https:\/\/i0.wp.com\/racedaysa.com\/wp-content\/uploads\/2026\/05\/32_6280a-scaled.jpg?fit=640%2C427\" aria-describedby=\"caption-attachment-57652\" class=\"size-large wp-image-57652\" src=\"https:\/\/i0.wp.com\/racedaysa.com\/wp-content\/uploads\/2026\/05\/32_6280a.jpg?resize=640%2C427\" alt=\"\" width=\"640\" height=\"427\" srcset=\"https:\/\/i0.wp.com\/racedaysa.com\/wp-content\/uploads\/2026\/05\/32_6280a-scaled.jpg?resize=640%2C427 640w, https:\/\/i0.wp.com\/racedaysa.com\/wp-content\/uploads\/2026\/05\/32_6280a-scaled.jpg?resize=300%2C200 300w, https:\/\/i0.wp.com\/racedaysa.com\/wp-content\/uploads\/2026\/05\/32_6280a-scaled.jpg?resize=768%2C512 768w, https:\/\/i0.wp.com\/racedaysa.com\/wp-content\/uploads\/2026\/05\/32_6280a-scaled.jpg?resize=1536%2C1024 1536w, https:\/\/i0.wp.com\/racedaysa.com\/wp-content\/uploads\/2026\/05\/32_6280a-scaled.jpg?resize=2048%2C1365 2048w, https:\/\/i0.wp.com\/racedaysa.com\/wp-content\/uploads\/2026\/05\/32_6280a-scaled.jpg?resize=284%2C190 284w, https:\/\/i0.wp.com\/racedaysa.com\/wp-content\/uploads\/2026\/05\/32_6280a-scaled.jpg?resize=99%2C66 99w\" sizes=\"auto, (max-width: 640px) 100vw, 640px\" \/><p id=\"caption-attachment-57652\" class=\"wp-caption-text\">April 1, 2026; Ft. Worth, Texas, USA; NASCAR O\u00d5Reilly Auto Parts Series driver Austin Hill (21) and NASCAR O\u00d5Reilly Auto Parts Series driver Jesse Love (2) during practice for the 22nd Annual Andy\u00d5s Frozen Custard 340 race at Texas Motor Speedway. Photo Credit: Michael C. Johnson<\/p><\/div>\n<p>&nbsp;<\/p>\n<div id=\"attachment_57651\" style=\"width: 650px\" class=\"wp-caption aligncenter\"><img data-recalc-dims=\"1\" loading=\"lazy\" decoding=\"async\" data-attachment-id=\"57651\" data-permalink=\"http:\/\/racedaysa.com\/index.php\/2026\/05\/01\/photos-nascar-oreilly-auto-parts-series-qualifying-friday-at-texas-motor-speedway\/nascar-nascar-oreilly-series-at-texas-motor-speedway-10\/\" data-orig-file=\"https:\/\/i0.wp.com\/racedaysa.com\/wp-content\/uploads\/2026\/05\/32_6277a-scaled.jpg?fit=2560%2C1707\" data-orig-size=\"2560,1707\" data-comments-opened=\"0\" data-image-meta=\"{&quot;aperture&quot;:&quot;20&quot;,&quot;credit&quot;:&quot;Michael C. Johnson&quot;,&quot;camera&quot;:&quot;Canon EOS R3&quot;,&quot;caption&quot;:&quot;April 1, 2026; Ft. Worth, Texas, USA;  NASCAR O\\u00d5Reilly Auto Parts Series driver Kyle Sieg (28) during practice for the 22nd Annual Andy\\u00d5s Frozen Custard 340 race at Texas Motor Speedway.   Photo Credit: Michael C. Johnson&quot;,&quot;created_timestamp&quot;:&quot;1777672947&quot;,&quot;copyright&quot;:&quot;Michael C. Johnson&quot;,&quot;focal_length&quot;:&quot;275&quot;,&quot;iso&quot;:&quot;4000&quot;,&quot;shutter_speed&quot;:&quot;0.000625&quot;,&quot;title&quot;:&quot;NASCAR: NASCAR O;Reilly Series at Texas Motor Speedway&quot;,&quot;orientation&quot;:&quot;1&quot;}\" data-image-title=\"NASCAR: NASCAR O;Reilly Series at Texas Motor Speedway\" data-image-description=\"\" data-image-caption=\"&lt;p&gt;April 1, 2026; Ft. Worth, Texas, USA;  NASCAR O\u00d5Reilly Auto Parts Series driver Kyle Sieg (28) during practice for the 22nd Annual Andy\u00d5s Frozen Custard 340 race at Texas Motor Speedway.   Photo Credit: Michael C. Johnson&lt;\/p&gt;\n\" data-large-file=\"https:\/\/i0.wp.com\/racedaysa.com\/wp-content\/uploads\/2026\/05\/32_6277a-scaled.jpg?fit=640%2C427\" aria-describedby=\"caption-attachment-57651\" class=\"size-large wp-image-57651\" src=\"https:\/\/i0.wp.com\/racedaysa.com\/wp-content\/uploads\/2026\/05\/32_6277a.jpg?resize=640%2C427\" alt=\"\" width=\"640\" height=\"427\" srcset=\"https:\/\/i0.wp.com\/racedaysa.com\/wp-content\/uploads\/2026\/05\/32_6277a-scaled.jpg?resize=640%2C427 640w, https:\/\/i0.wp.com\/racedaysa.com\/wp-content\/uploads\/2026\/05\/32_6277a-scaled.jpg?resize=300%2C200 300w, https:\/\/i0.wp.com\/racedaysa.com\/wp-content\/uploads\/2026\/05\/32_6277a-scaled.jpg?resize=768%2C512 768w, https:\/\/i0.wp.com\/racedaysa.com\/wp-content\/uploads\/2026\/05\/32_6277a-scaled.jpg?resize=1536%2C1024 1536w, https:\/\/i0.wp.com\/racedaysa.com\/wp-content\/uploads\/2026\/05\/32_6277a-scaled.jpg?resize=2048%2C1365 2048w, https:\/\/i0.wp.com\/racedaysa.com\/wp-content\/uploads\/2026\/05\/32_6277a-scaled.jpg?resize=284%2C190 284w, https:\/\/i0.wp.com\/racedaysa.com\/wp-content\/uploads\/2026\/05\/32_6277a-scaled.jpg?resize=99%2C66 99w\" sizes=\"auto, (max-width: 640px) 100vw, 640px\" \/><p id=\"caption-attachment-57651\" class=\"wp-caption-text\">April 1, 2026; Ft. Worth, Texas, USA; NASCAR O\u00d5Reilly Auto Parts Series driver Kyle Sieg (28) during practice for the 22nd Annual Andy\u00d5s Frozen Custard 340 race at Texas Motor Speedway. Photo Credit: Michael C. Johnson<\/p><\/div>\n<p>&nbsp;<\/p>\n<div id=\"attachment_57650\" style=\"width: 650px\" class=\"wp-caption aligncenter\"><img data-recalc-dims=\"1\" loading=\"lazy\" decoding=\"async\" data-attachment-id=\"57650\" data-permalink=\"http:\/\/racedaysa.com\/index.php\/2026\/05\/01\/photos-nascar-oreilly-auto-parts-series-qualifying-friday-at-texas-motor-speedway\/nascar-nascar-oreilly-series-at-texas-motor-speedway-9\/\" data-orig-file=\"https:\/\/i0.wp.com\/racedaysa.com\/wp-content\/uploads\/2026\/05\/32_6275a-scaled.jpg?fit=2560%2C1707\" data-orig-size=\"2560,1707\" data-comments-opened=\"0\" data-image-meta=\"{&quot;aperture&quot;:&quot;20&quot;,&quot;credit&quot;:&quot;Michael C. Johnson&quot;,&quot;camera&quot;:&quot;Canon EOS R3&quot;,&quot;caption&quot;:&quot;April 1, 2026; Ft. Worth, Texas, USA;  NASCAR O\\u00d5Reilly Auto Parts Series driver Jeremy Clements (51) during practice for the 22nd Annual Andy\\u00d5s Frozen Custard 340 race at Texas Motor Speedway.   Photo Credit: Michael C. Johnson&quot;,&quot;created_timestamp&quot;:&quot;1777672946&quot;,&quot;copyright&quot;:&quot;Michael C. Johnson&quot;,&quot;focal_length&quot;:&quot;275&quot;,&quot;iso&quot;:&quot;4000&quot;,&quot;shutter_speed&quot;:&quot;0.000625&quot;,&quot;title&quot;:&quot;NASCAR: NASCAR O;Reilly Series at Texas Motor Speedway&quot;,&quot;orientation&quot;:&quot;1&quot;}\" data-image-title=\"NASCAR: NASCAR O;Reilly Series at Texas Motor Speedway\" data-image-description=\"\" data-image-caption=\"&lt;p&gt;April 1, 2026; Ft. Worth, Texas, USA;  NASCAR O\u00d5Reilly Auto Parts Series driver Jeremy Clements (51) during practice for the 22nd Annual Andy\u00d5s Frozen Custard 340 race at Texas Motor Speedway.   Photo Credit: Michael C. Johnson&lt;\/p&gt;\n\" data-large-file=\"https:\/\/i0.wp.com\/racedaysa.com\/wp-content\/uploads\/2026\/05\/32_6275a-scaled.jpg?fit=640%2C427\" aria-describedby=\"caption-attachment-57650\" class=\"size-large wp-image-57650\" src=\"https:\/\/i0.wp.com\/racedaysa.com\/wp-content\/uploads\/2026\/05\/32_6275a.jpg?resize=640%2C427\" alt=\"\" width=\"640\" height=\"427\" srcset=\"https:\/\/i0.wp.com\/racedaysa.com\/wp-content\/uploads\/2026\/05\/32_6275a-scaled.jpg?resize=640%2C427 640w, https:\/\/i0.wp.com\/racedaysa.com\/wp-content\/uploads\/2026\/05\/32_6275a-scaled.jpg?resize=300%2C200 300w, https:\/\/i0.wp.com\/racedaysa.com\/wp-content\/uploads\/2026\/05\/32_6275a-scaled.jpg?resize=768%2C512 768w, https:\/\/i0.wp.com\/racedaysa.com\/wp-content\/uploads\/2026\/05\/32_6275a-scaled.jpg?resize=1536%2C1024 1536w, https:\/\/i0.wp.com\/racedaysa.com\/wp-content\/uploads\/2026\/05\/32_6275a-scaled.jpg?resize=2048%2C1366 2048w, https:\/\/i0.wp.com\/racedaysa.com\/wp-content\/uploads\/2026\/05\/32_6275a-scaled.jpg?resize=284%2C190 284w, https:\/\/i0.wp.com\/racedaysa.com\/wp-content\/uploads\/2026\/05\/32_6275a-scaled.jpg?resize=99%2C66 99w\" sizes=\"auto, (max-width: 640px) 100vw, 640px\" \/><p id=\"caption-attachment-57650\" class=\"wp-caption-text\">April 1, 2026; Ft. Worth, Texas, USA; NASCAR O\u00d5Reilly Auto Parts Series driver Jeremy Clements (51) during practice for the 22nd Annual Andy\u00d5s Frozen Custard 340 race at Texas Motor Speedway. Photo Credit: Michael C. Johnson<\/p><\/div>\n<p>&nbsp;<\/p>\n<div id=\"attachment_57649\" style=\"width: 650px\" class=\"wp-caption aligncenter\"><img data-recalc-dims=\"1\" loading=\"lazy\" decoding=\"async\" data-attachment-id=\"57649\" data-permalink=\"http:\/\/racedaysa.com\/index.php\/2026\/05\/01\/photos-nascar-oreilly-auto-parts-series-qualifying-friday-at-texas-motor-speedway\/nascar-nascar-oreilly-series-at-texas-motor-speedway-8\/\" data-orig-file=\"https:\/\/i0.wp.com\/racedaysa.com\/wp-content\/uploads\/2026\/05\/32_6268a-scaled.jpg?fit=2560%2C1706\" data-orig-size=\"2560,1706\" data-comments-opened=\"0\" data-image-meta=\"{&quot;aperture&quot;:&quot;20&quot;,&quot;credit&quot;:&quot;Michael C. Johnson&quot;,&quot;camera&quot;:&quot;Canon EOS R3&quot;,&quot;caption&quot;:&quot;April 1, 2026; Ft. Worth, Texas, USA;  NASCAR O\\u00d5Reilly Auto Parts Series driver Jeb Burton (27) NASCAR O\\u00d5Reilly Auto Parts Series driver Harrison Burton (24) and NASCAR O\\u00d5Reilly Auto Parts Series driver Sam Mayer (41) during practice for the 22nd Annual Andy\\u00d5s Frozen Custard 340 race at Texas Motor Speedway.   Photo Credit: Michael C. Johnson&quot;,&quot;created_timestamp&quot;:&quot;1777672944&quot;,&quot;copyright&quot;:&quot;Michael C. Johnson&quot;,&quot;focal_length&quot;:&quot;285&quot;,&quot;iso&quot;:&quot;4000&quot;,&quot;shutter_speed&quot;:&quot;0.000625&quot;,&quot;title&quot;:&quot;NASCAR: NASCAR O;Reilly Series at Texas Motor Speedway&quot;,&quot;orientation&quot;:&quot;1&quot;}\" data-image-title=\"NASCAR: NASCAR O;Reilly Series at Texas Motor Speedway\" data-image-description=\"\" data-image-caption=\"&lt;p&gt;April 1, 2026; Ft. Worth, Texas, USA;  NASCAR O\u00d5Reilly Auto Parts Series driver Jeb Burton (27) NASCAR O\u00d5Reilly Auto Parts Series driver Harrison Burton (24) and NASCAR O\u00d5Reilly Auto Parts Series driver Sam Mayer (41) during practice for the 22nd Annual Andy\u00d5s Frozen Custard 340 race at Texas Motor Speedway.   Photo Credit: Michael C. Johnson&lt;\/p&gt;\n\" data-large-file=\"https:\/\/i0.wp.com\/racedaysa.com\/wp-content\/uploads\/2026\/05\/32_6268a-scaled.jpg?fit=640%2C427\" aria-describedby=\"caption-attachment-57649\" class=\"size-large wp-image-57649\" src=\"https:\/\/i0.wp.com\/racedaysa.com\/wp-content\/uploads\/2026\/05\/32_6268a.jpg?resize=640%2C427\" alt=\"\" width=\"640\" height=\"427\" srcset=\"https:\/\/i0.wp.com\/racedaysa.com\/wp-content\/uploads\/2026\/05\/32_6268a-scaled.jpg?resize=640%2C427 640w, https:\/\/i0.wp.com\/racedaysa.com\/wp-content\/uploads\/2026\/05\/32_6268a-scaled.jpg?resize=300%2C200 300w, https:\/\/i0.wp.com\/racedaysa.com\/wp-content\/uploads\/2026\/05\/32_6268a-scaled.jpg?resize=768%2C512 768w, https:\/\/i0.wp.com\/racedaysa.com\/wp-content\/uploads\/2026\/05\/32_6268a-scaled.jpg?resize=1536%2C1024 1536w, https:\/\/i0.wp.com\/racedaysa.com\/wp-content\/uploads\/2026\/05\/32_6268a-scaled.jpg?resize=2048%2C1365 2048w, https:\/\/i0.wp.com\/racedaysa.com\/wp-content\/uploads\/2026\/05\/32_6268a-scaled.jpg?resize=284%2C190 284w, https:\/\/i0.wp.com\/racedaysa.com\/wp-content\/uploads\/2026\/05\/32_6268a-scaled.jpg?resize=99%2C66 99w\" sizes=\"auto, (max-width: 640px) 100vw, 640px\" \/><p id=\"caption-attachment-57649\" class=\"wp-caption-text\">April 1, 2026; Ft. Worth, Texas, USA; NASCAR O\u00d5Reilly Auto Parts Series driver Jeb Burton (27) NASCAR O\u00d5Reilly Auto Parts Series driver Harrison Burton (24) and NASCAR O\u00d5Reilly Auto Parts Series driver Sam Mayer (41) during practice for the 22nd Annual Andy\u00d5s Frozen Custard 340 race at Texas Motor Speedway. Photo Credit: Michael C. Johnson<\/p><\/div>\n<p>&nbsp;<\/p>\n<div id=\"attachment_57648\" style=\"width: 650px\" class=\"wp-caption aligncenter\"><img data-recalc-dims=\"1\" loading=\"lazy\" decoding=\"async\" data-attachment-id=\"57648\" data-permalink=\"http:\/\/racedaysa.com\/index.php\/2026\/05\/01\/photos-nascar-oreilly-auto-parts-series-qualifying-friday-at-texas-motor-speedway\/nascar-nascar-oreilly-series-at-texas-motor-speedway-7\/\" data-orig-file=\"https:\/\/i0.wp.com\/racedaysa.com\/wp-content\/uploads\/2026\/05\/32_6262a-scaled.jpg?fit=2560%2C1707\" data-orig-size=\"2560,1707\" data-comments-opened=\"0\" data-image-meta=\"{&quot;aperture&quot;:&quot;20&quot;,&quot;credit&quot;:&quot;Michael C. Johnson&quot;,&quot;camera&quot;:&quot;Canon EOS R3&quot;,&quot;caption&quot;:&quot;April 1, 2026; Ft. Worth, Texas, USA;  NASCAR O\\u00d5Reilly Auto Parts Series driver Dean Thompson (26) during practice for the 22nd Annual Andy\\u00d5s Frozen Custard 340 race at Texas Motor Speedway.   Photo Credit: Michael C. Johnson&quot;,&quot;created_timestamp&quot;:&quot;1777672941&quot;,&quot;copyright&quot;:&quot;Michael C. Johnson&quot;,&quot;focal_length&quot;:&quot;285&quot;,&quot;iso&quot;:&quot;4000&quot;,&quot;shutter_speed&quot;:&quot;0.000625&quot;,&quot;title&quot;:&quot;NASCAR: NASCAR O;Reilly Series at Texas Motor Speedway&quot;,&quot;orientation&quot;:&quot;1&quot;}\" data-image-title=\"NASCAR: NASCAR O;Reilly Series at Texas Motor Speedway\" data-image-description=\"\" data-image-caption=\"&lt;p&gt;April 1, 2026; Ft. Worth, Texas, USA;  NASCAR O\u00d5Reilly Auto Parts Series driver Dean Thompson (26) during practice for the 22nd Annual Andy\u00d5s Frozen Custard 340 race at Texas Motor Speedway.   Photo Credit: Michael C. Johnson&lt;\/p&gt;\n\" data-large-file=\"https:\/\/i0.wp.com\/racedaysa.com\/wp-content\/uploads\/2026\/05\/32_6262a-scaled.jpg?fit=640%2C427\" aria-describedby=\"caption-attachment-57648\" class=\"size-large wp-image-57648\" src=\"https:\/\/i0.wp.com\/racedaysa.com\/wp-content\/uploads\/2026\/05\/32_6262a.jpg?resize=640%2C427\" alt=\"\" width=\"640\" height=\"427\" srcset=\"https:\/\/i0.wp.com\/racedaysa.com\/wp-content\/uploads\/2026\/05\/32_6262a-scaled.jpg?resize=640%2C427 640w, https:\/\/i0.wp.com\/racedaysa.com\/wp-content\/uploads\/2026\/05\/32_6262a-scaled.jpg?resize=300%2C200 300w, https:\/\/i0.wp.com\/racedaysa.com\/wp-content\/uploads\/2026\/05\/32_6262a-scaled.jpg?resize=768%2C512 768w, https:\/\/i0.wp.com\/racedaysa.com\/wp-content\/uploads\/2026\/05\/32_6262a-scaled.jpg?resize=1536%2C1024 1536w, https:\/\/i0.wp.com\/racedaysa.com\/wp-content\/uploads\/2026\/05\/32_6262a-scaled.jpg?resize=2048%2C1366 2048w, https:\/\/i0.wp.com\/racedaysa.com\/wp-content\/uploads\/2026\/05\/32_6262a-scaled.jpg?resize=284%2C190 284w, https:\/\/i0.wp.com\/racedaysa.com\/wp-content\/uploads\/2026\/05\/32_6262a-scaled.jpg?resize=99%2C66 99w\" sizes=\"auto, (max-width: 640px) 100vw, 640px\" \/><p id=\"caption-attachment-57648\" class=\"wp-caption-text\">April 1, 2026; Ft. Worth, Texas, USA; NASCAR O\u00d5Reilly Auto Parts Series driver Dean Thompson (26) during practice for the 22nd Annual Andy\u00d5s Frozen Custard 340 race at Texas Motor Speedway. Photo Credit: Michael C. Johnson<\/p><\/div>\n<p>&nbsp;<\/p>\n<div id=\"attachment_57647\" style=\"width: 650px\" class=\"wp-caption aligncenter\"><img data-recalc-dims=\"1\" loading=\"lazy\" decoding=\"async\" data-attachment-id=\"57647\" data-permalink=\"http:\/\/racedaysa.com\/index.php\/2026\/05\/01\/photos-nascar-oreilly-auto-parts-series-qualifying-friday-at-texas-motor-speedway\/nascar-nascar-oreilly-series-at-texas-motor-speedway-6\/\" data-orig-file=\"https:\/\/i0.wp.com\/racedaysa.com\/wp-content\/uploads\/2026\/05\/32_6257a-scaled.jpg?fit=2560%2C1707\" data-orig-size=\"2560,1707\" data-comments-opened=\"0\" data-image-meta=\"{&quot;aperture&quot;:&quot;20&quot;,&quot;credit&quot;:&quot;Michael C. Johnson&quot;,&quot;camera&quot;:&quot;Canon EOS R3&quot;,&quot;caption&quot;:&quot;April 1, 2026; Ft. Worth, Texas, USA;  NASCAR O\\u00d5Reilly Auto Parts Series driver Brennan Poole (44) during practice for the 22nd Annual Andy\\u00d5s Frozen Custard 340 race at Texas Motor Speedway.   Photo Credit: Michael C. Johnson&quot;,&quot;created_timestamp&quot;:&quot;1777672939&quot;,&quot;copyright&quot;:&quot;Michael C. Johnson&quot;,&quot;focal_length&quot;:&quot;275&quot;,&quot;iso&quot;:&quot;4000&quot;,&quot;shutter_speed&quot;:&quot;0.000625&quot;,&quot;title&quot;:&quot;NASCAR: NASCAR O;Reilly Series at Texas Motor Speedway&quot;,&quot;orientation&quot;:&quot;1&quot;}\" data-image-title=\"NASCAR: NASCAR O;Reilly Series at Texas Motor Speedway\" data-image-description=\"\" data-image-caption=\"&lt;p&gt;April 1, 2026; Ft. Worth, Texas, USA;  NASCAR O\u00d5Reilly Auto Parts Series driver Brennan Poole (44) during practice for the 22nd Annual Andy\u00d5s Frozen Custard 340 race at Texas Motor Speedway.   Photo Credit: Michael C. Johnson&lt;\/p&gt;\n\" data-large-file=\"https:\/\/i0.wp.com\/racedaysa.com\/wp-content\/uploads\/2026\/05\/32_6257a-scaled.jpg?fit=640%2C427\" aria-describedby=\"caption-attachment-57647\" class=\"size-large wp-image-57647\" src=\"https:\/\/i0.wp.com\/racedaysa.com\/wp-content\/uploads\/2026\/05\/32_6257a.jpg?resize=640%2C427\" alt=\"\" width=\"640\" height=\"427\" srcset=\"https:\/\/i0.wp.com\/racedaysa.com\/wp-content\/uploads\/2026\/05\/32_6257a-scaled.jpg?resize=640%2C427 640w, https:\/\/i0.wp.com\/racedaysa.com\/wp-content\/uploads\/2026\/05\/32_6257a-scaled.jpg?resize=300%2C200 300w, https:\/\/i0.wp.com\/racedaysa.com\/wp-content\/uploads\/2026\/05\/32_6257a-scaled.jpg?resize=768%2C512 768w, https:\/\/i0.wp.com\/racedaysa.com\/wp-content\/uploads\/2026\/05\/32_6257a-scaled.jpg?resize=1536%2C1024 1536w, https:\/\/i0.wp.com\/racedaysa.com\/wp-content\/uploads\/2026\/05\/32_6257a-scaled.jpg?resize=2048%2C1365 2048w, https:\/\/i0.wp.com\/racedaysa.com\/wp-content\/uploads\/2026\/05\/32_6257a-scaled.jpg?resize=284%2C190 284w, https:\/\/i0.wp.com\/racedaysa.com\/wp-content\/uploads\/2026\/05\/32_6257a-scaled.jpg?resize=99%2C66 99w\" sizes=\"auto, (max-width: 640px) 100vw, 640px\" \/><p id=\"caption-attachment-57647\" class=\"wp-caption-text\">April 1, 2026; Ft. Worth, Texas, USA; NASCAR O\u00d5Reilly Auto Parts Series driver Brennan Poole (44) during practice for the 22nd Annual Andy\u00d5s Frozen Custard 340 race at Texas Motor Speedway. Photo Credit: Michael C. Johnson<\/p><\/div>\n<p>&nbsp;<\/p>\n<div id=\"attachment_57646\" style=\"width: 650px\" class=\"wp-caption aligncenter\"><img data-recalc-dims=\"1\" loading=\"lazy\" decoding=\"async\" data-attachment-id=\"57646\" data-permalink=\"http:\/\/racedaysa.com\/index.php\/2026\/05\/01\/photos-nascar-oreilly-auto-parts-series-qualifying-friday-at-texas-motor-speedway\/nascar-nascar-oreilly-series-at-texas-motor-speedway-5\/\" data-orig-file=\"https:\/\/i0.wp.com\/racedaysa.com\/wp-content\/uploads\/2026\/05\/32_6252a-scaled.jpg?fit=2560%2C1707\" data-orig-size=\"2560,1707\" data-comments-opened=\"0\" data-image-meta=\"{&quot;aperture&quot;:&quot;20&quot;,&quot;credit&quot;:&quot;Michael C. Johnson&quot;,&quot;camera&quot;:&quot;Canon EOS R3&quot;,&quot;caption&quot;:&quot;April 1, 2026; Ft. Worth, Texas, USA;  NASCAR O\\u00d5Reilly Auto Parts Series driver Justin Allgaier (7) during practice for the 22nd Annual Andy\\u00d5s Frozen Custard 340 race at Texas Motor Speedway.   Photo Credit: Michael C. Johnson&quot;,&quot;created_timestamp&quot;:&quot;1777672935&quot;,&quot;copyright&quot;:&quot;Michael C. Johnson&quot;,&quot;focal_length&quot;:&quot;275&quot;,&quot;iso&quot;:&quot;4000&quot;,&quot;shutter_speed&quot;:&quot;0.000625&quot;,&quot;title&quot;:&quot;NASCAR: NASCAR O;Reilly Series at Texas Motor Speedway&quot;,&quot;orientation&quot;:&quot;1&quot;}\" data-image-title=\"NASCAR: NASCAR O;Reilly Series at Texas Motor Speedway\" data-image-description=\"\" data-image-caption=\"&lt;p&gt;April 1, 2026; Ft. Worth, Texas, USA;  NASCAR O\u00d5Reilly Auto Parts Series driver Justin Allgaier (7) during practice for the 22nd Annual Andy\u00d5s Frozen Custard 340 race at Texas Motor Speedway.   Photo Credit: Michael C. Johnson&lt;\/p&gt;\n\" data-large-file=\"https:\/\/i0.wp.com\/racedaysa.com\/wp-content\/uploads\/2026\/05\/32_6252a-scaled.jpg?fit=640%2C427\" aria-describedby=\"caption-attachment-57646\" class=\"size-large wp-image-57646\" src=\"https:\/\/i0.wp.com\/racedaysa.com\/wp-content\/uploads\/2026\/05\/32_6252a.jpg?resize=640%2C427\" alt=\"\" width=\"640\" height=\"427\" srcset=\"https:\/\/i0.wp.com\/racedaysa.com\/wp-content\/uploads\/2026\/05\/32_6252a-scaled.jpg?resize=640%2C427 640w, https:\/\/i0.wp.com\/racedaysa.com\/wp-content\/uploads\/2026\/05\/32_6252a-scaled.jpg?resize=300%2C200 300w, https:\/\/i0.wp.com\/racedaysa.com\/wp-content\/uploads\/2026\/05\/32_6252a-scaled.jpg?resize=768%2C512 768w, https:\/\/i0.wp.com\/racedaysa.com\/wp-content\/uploads\/2026\/05\/32_6252a-scaled.jpg?resize=1536%2C1024 1536w, https:\/\/i0.wp.com\/racedaysa.com\/wp-content\/uploads\/2026\/05\/32_6252a-scaled.jpg?resize=2048%2C1365 2048w, https:\/\/i0.wp.com\/racedaysa.com\/wp-content\/uploads\/2026\/05\/32_6252a-scaled.jpg?resize=284%2C190 284w, https:\/\/i0.wp.com\/racedaysa.com\/wp-content\/uploads\/2026\/05\/32_6252a-scaled.jpg?resize=99%2C66 99w\" sizes=\"auto, (max-width: 640px) 100vw, 640px\" \/><p id=\"caption-attachment-57646\" class=\"wp-caption-text\">April 1, 2026; Ft. Worth, Texas, USA; NASCAR O\u00d5Reilly Auto Parts Series driver Justin Allgaier (7) during practice for the 22nd Annual Andy\u00d5s Frozen Custard 340 race at Texas Motor Speedway. Photo Credit: Michael C. Johnson<\/p><\/div>\n<p>&nbsp;<\/p>\n<div id=\"attachment_57644\" style=\"width: 650px\" class=\"wp-caption aligncenter\"><img data-recalc-dims=\"1\" loading=\"lazy\" decoding=\"async\" data-attachment-id=\"57644\" data-permalink=\"http:\/\/racedaysa.com\/index.php\/2026\/05\/01\/photos-nascar-oreilly-auto-parts-series-qualifying-friday-at-texas-motor-speedway\/nascar-nascar-oreilly-series-at-texas-motor-speedway-4\/\" data-orig-file=\"https:\/\/i0.wp.com\/racedaysa.com\/wp-content\/uploads\/2026\/05\/32_6246a-scaled.jpg?fit=2560%2C1705\" data-orig-size=\"2560,1705\" data-comments-opened=\"0\" data-image-meta=\"{&quot;aperture&quot;:&quot;20&quot;,&quot;credit&quot;:&quot;Michael C. Johnson&quot;,&quot;camera&quot;:&quot;Canon EOS R3&quot;,&quot;caption&quot;:&quot;April 1, 2026; Ft. Worth, Texas, USA;  NASCAR O\\u00d5Reilly Auto Parts Series driver Sammy Smith (8) during practice for the 22nd Annual Andy\\u00d5s Frozen Custard 340 race at Texas Motor Speedway.   Photo Credit: Michael C. Johnson&quot;,&quot;created_timestamp&quot;:&quot;1777672933&quot;,&quot;copyright&quot;:&quot;Michael C. Johnson&quot;,&quot;focal_length&quot;:&quot;285&quot;,&quot;iso&quot;:&quot;4000&quot;,&quot;shutter_speed&quot;:&quot;0.000625&quot;,&quot;title&quot;:&quot;NASCAR: NASCAR O;Reilly Series at Texas Motor Speedway&quot;,&quot;orientation&quot;:&quot;1&quot;}\" data-image-title=\"NASCAR: NASCAR O;Reilly Series at Texas Motor Speedway\" data-image-description=\"\" data-image-caption=\"&lt;p&gt;April 1, 2026; Ft. Worth, Texas, USA;  NASCAR O\u00d5Reilly Auto Parts Series driver Sammy Smith (8) during practice for the 22nd Annual Andy\u00d5s Frozen Custard 340 race at Texas Motor Speedway.   Photo Credit: Michael C. Johnson&lt;\/p&gt;\n\" data-large-file=\"https:\/\/i0.wp.com\/racedaysa.com\/wp-content\/uploads\/2026\/05\/32_6246a-scaled.jpg?fit=640%2C426\" aria-describedby=\"caption-attachment-57644\" class=\"size-large wp-image-57644\" src=\"https:\/\/i0.wp.com\/racedaysa.com\/wp-content\/uploads\/2026\/05\/32_6246a.jpg?resize=640%2C426\" alt=\"\" width=\"640\" height=\"426\" srcset=\"https:\/\/i0.wp.com\/racedaysa.com\/wp-content\/uploads\/2026\/05\/32_6246a-scaled.jpg?resize=640%2C426 640w, https:\/\/i0.wp.com\/racedaysa.com\/wp-content\/uploads\/2026\/05\/32_6246a-scaled.jpg?resize=300%2C200 300w, https:\/\/i0.wp.com\/racedaysa.com\/wp-content\/uploads\/2026\/05\/32_6246a-scaled.jpg?resize=768%2C512 768w, https:\/\/i0.wp.com\/racedaysa.com\/wp-content\/uploads\/2026\/05\/32_6246a-scaled.jpg?resize=1536%2C1023 1536w, https:\/\/i0.wp.com\/racedaysa.com\/wp-content\/uploads\/2026\/05\/32_6246a-scaled.jpg?resize=2048%2C1364 2048w, https:\/\/i0.wp.com\/racedaysa.com\/wp-content\/uploads\/2026\/05\/32_6246a-scaled.jpg?resize=284%2C190 284w, https:\/\/i0.wp.com\/racedaysa.com\/wp-content\/uploads\/2026\/05\/32_6246a-scaled.jpg?resize=99%2C66 99w\" sizes=\"auto, (max-width: 640px) 100vw, 640px\" \/><p id=\"caption-attachment-57644\" class=\"wp-caption-text\">April 1, 2026; Ft. Worth, Texas, USA; NASCAR O\u00d5Reilly Auto Parts Series driver Sammy Smith (8) during practice for the 22nd Annual Andy\u00d5s Frozen Custard 340 race at Texas Motor Speedway. Photo Credit: Michael C. Johnson<\/p><\/div>\n<p>&nbsp;<\/p>\n<div id=\"attachment_57643\" style=\"width: 650px\" class=\"wp-caption aligncenter\"><img data-recalc-dims=\"1\" loading=\"lazy\" decoding=\"async\" data-attachment-id=\"57643\" data-permalink=\"http:\/\/racedaysa.com\/index.php\/2026\/05\/01\/photos-nascar-oreilly-auto-parts-series-qualifying-friday-at-texas-motor-speedway\/nascar-nascar-oreilly-series-at-texas-motor-speedway-3\/\" data-orig-file=\"https:\/\/i0.wp.com\/racedaysa.com\/wp-content\/uploads\/2026\/05\/32_6244a-scaled.jpg?fit=2560%2C1707\" data-orig-size=\"2560,1707\" data-comments-opened=\"0\" data-image-meta=\"{&quot;aperture&quot;:&quot;20&quot;,&quot;credit&quot;:&quot;Michael C. Johnson&quot;,&quot;camera&quot;:&quot;Canon EOS R3&quot;,&quot;caption&quot;:&quot;April 1, 2026; Ft. Worth, Texas, USA;  NASCAR O\\u00d5Reilly Auto Parts Series driver Rajah Caruth (32) during practice for the 22nd Annual Andy\\u00d5s Frozen Custard 340 race at Texas Motor Speedway.   Photo Credit: Michael C. Johnson&quot;,&quot;created_timestamp&quot;:&quot;1777672873&quot;,&quot;copyright&quot;:&quot;Michael C. Johnson&quot;,&quot;focal_length&quot;:&quot;250&quot;,&quot;iso&quot;:&quot;4000&quot;,&quot;shutter_speed&quot;:&quot;0.000625&quot;,&quot;title&quot;:&quot;NASCAR: NASCAR O;Reilly Series at Texas Motor Speedway&quot;,&quot;orientation&quot;:&quot;1&quot;}\" data-image-title=\"NASCAR: NASCAR O;Reilly Series at Texas Motor Speedway\" data-image-description=\"\" data-image-caption=\"&lt;p&gt;April 1, 2026; Ft. Worth, Texas, USA;  NASCAR O\u00d5Reilly Auto Parts Series driver Rajah Caruth (32) during practice for the 22nd Annual Andy\u00d5s Frozen Custard 340 race at Texas Motor Speedway.   Photo Credit: Michael C. Johnson&lt;\/p&gt;\n\" data-large-file=\"https:\/\/i0.wp.com\/racedaysa.com\/wp-content\/uploads\/2026\/05\/32_6244a-scaled.jpg?fit=640%2C427\" aria-describedby=\"caption-attachment-57643\" class=\"size-large wp-image-57643\" src=\"https:\/\/i0.wp.com\/racedaysa.com\/wp-content\/uploads\/2026\/05\/32_6244a.jpg?resize=640%2C427\" alt=\"\" width=\"640\" height=\"427\" srcset=\"https:\/\/i0.wp.com\/racedaysa.com\/wp-content\/uploads\/2026\/05\/32_6244a-scaled.jpg?resize=640%2C427 640w, https:\/\/i0.wp.com\/racedaysa.com\/wp-content\/uploads\/2026\/05\/32_6244a-scaled.jpg?resize=300%2C200 300w, https:\/\/i0.wp.com\/racedaysa.com\/wp-content\/uploads\/2026\/05\/32_6244a-scaled.jpg?resize=768%2C512 768w, https:\/\/i0.wp.com\/racedaysa.com\/wp-content\/uploads\/2026\/05\/32_6244a-scaled.jpg?resize=1536%2C1024 1536w, https:\/\/i0.wp.com\/racedaysa.com\/wp-content\/uploads\/2026\/05\/32_6244a-scaled.jpg?resize=2048%2C1365 2048w, https:\/\/i0.wp.com\/racedaysa.com\/wp-content\/uploads\/2026\/05\/32_6244a-scaled.jpg?resize=284%2C190 284w, https:\/\/i0.wp.com\/racedaysa.com\/wp-content\/uploads\/2026\/05\/32_6244a-scaled.jpg?resize=99%2C66 99w\" sizes=\"auto, (max-width: 640px) 100vw, 640px\" \/><p id=\"caption-attachment-57643\" class=\"wp-caption-text\">April 1, 2026; Ft. Worth, Texas, USA; NASCAR O\u00d5Reilly Auto Parts Series driver Rajah Caruth (32) during practice for the 22nd Annual Andy\u00d5s Frozen Custard 340 race at Texas Motor Speedway. Photo Credit: Michael C. Johnson<\/p><\/div>\n<p>&nbsp;<\/p>\n<div id=\"attachment_57642\" style=\"width: 650px\" class=\"wp-caption aligncenter\"><img data-recalc-dims=\"1\" loading=\"lazy\" decoding=\"async\" data-attachment-id=\"57642\" data-permalink=\"http:\/\/racedaysa.com\/index.php\/2026\/05\/01\/photos-nascar-oreilly-auto-parts-series-qualifying-friday-at-texas-motor-speedway\/nascar-nascar-oreilly-series-at-texas-motor-speedway-2\/\" data-orig-file=\"https:\/\/i0.wp.com\/racedaysa.com\/wp-content\/uploads\/2026\/05\/32_6237a-scaled.jpg?fit=2560%2C1707\" data-orig-size=\"2560,1707\" data-comments-opened=\"0\" data-image-meta=\"{&quot;aperture&quot;:&quot;22&quot;,&quot;credit&quot;:&quot;Michael C. Johnson&quot;,&quot;camera&quot;:&quot;Canon EOS R3&quot;,&quot;caption&quot;:&quot;April 1, 2026; Ft. Worth, Texas, USA;  NASCAR O\\u00d5Reilly Auto Parts Series driver Parker Retzlaff (99) during practice for the 22nd Annual Andy\\u00d5s Frozen Custard 340 race at Texas Motor Speedway.   Photo Credit: Michael C. Johnson&quot;,&quot;created_timestamp&quot;:&quot;1777672867&quot;,&quot;copyright&quot;:&quot;Michael C. Johnson&quot;,&quot;focal_length&quot;:&quot;285&quot;,&quot;iso&quot;:&quot;4000&quot;,&quot;shutter_speed&quot;:&quot;0.000625&quot;,&quot;title&quot;:&quot;NASCAR: NASCAR O;Reilly Series at Texas Motor Speedway&quot;,&quot;orientation&quot;:&quot;1&quot;}\" data-image-title=\"NASCAR: NASCAR O;Reilly Series at Texas Motor Speedway\" data-image-description=\"\" data-image-caption=\"&lt;p&gt;April 1, 2026; Ft. Worth, Texas, USA;  NASCAR O\u00d5Reilly Auto Parts Series driver Parker Retzlaff (99) during practice for the 22nd Annual Andy\u00d5s Frozen Custard 340 race at Texas Motor Speedway.   Photo Credit: Michael C. Johnson&lt;\/p&gt;\n\" data-large-file=\"https:\/\/i0.wp.com\/racedaysa.com\/wp-content\/uploads\/2026\/05\/32_6237a-scaled.jpg?fit=640%2C427\" aria-describedby=\"caption-attachment-57642\" class=\"size-large wp-image-57642\" src=\"https:\/\/i0.wp.com\/racedaysa.com\/wp-content\/uploads\/2026\/05\/32_6237a.jpg?resize=640%2C427\" alt=\"\" width=\"640\" height=\"427\" srcset=\"https:\/\/i0.wp.com\/racedaysa.com\/wp-content\/uploads\/2026\/05\/32_6237a-scaled.jpg?resize=640%2C427 640w, https:\/\/i0.wp.com\/racedaysa.com\/wp-content\/uploads\/2026\/05\/32_6237a-scaled.jpg?resize=300%2C200 300w, https:\/\/i0.wp.com\/racedaysa.com\/wp-content\/uploads\/2026\/05\/32_6237a-scaled.jpg?resize=768%2C512 768w, https:\/\/i0.wp.com\/racedaysa.com\/wp-content\/uploads\/2026\/05\/32_6237a-scaled.jpg?resize=1536%2C1024 1536w, https:\/\/i0.wp.com\/racedaysa.com\/wp-content\/uploads\/2026\/05\/32_6237a-scaled.jpg?resize=2048%2C1366 2048w, https:\/\/i0.wp.com\/racedaysa.com\/wp-content\/uploads\/2026\/05\/32_6237a-scaled.jpg?resize=284%2C190 284w, https:\/\/i0.wp.com\/racedaysa.com\/wp-content\/uploads\/2026\/05\/32_6237a-scaled.jpg?resize=99%2C66 99w\" sizes=\"auto, (max-width: 640px) 100vw, 640px\" \/><p id=\"caption-attachment-57642\" class=\"wp-caption-text\">April 1, 2026; Ft. Worth, Texas, USA; NASCAR O\u00d5Reilly Auto Parts Series driver Parker Retzlaff (99) during practice for the 22nd Annual Andy\u00d5s Frozen Custard 340 race at Texas Motor Speedway. Photo Credit: Michael C. Johnson<\/p><\/div>\n<p>&nbsp;<\/p>\n<div id=\"attachment_57641\" style=\"width: 650px\" class=\"wp-caption aligncenter\"><img data-recalc-dims=\"1\" loading=\"lazy\" decoding=\"async\" data-attachment-id=\"57641\" data-permalink=\"http:\/\/racedaysa.com\/index.php\/2026\/05\/01\/photos-nascar-oreilly-auto-parts-series-qualifying-friday-at-texas-motor-speedway\/nascar-nascar-oreilly-series-at-texas-motor-speedway\/\" data-orig-file=\"https:\/\/i0.wp.com\/racedaysa.com\/wp-content\/uploads\/2026\/05\/32_6232a-scaled.jpg?fit=2560%2C1707\" data-orig-size=\"2560,1707\" data-comments-opened=\"0\" data-image-meta=\"{&quot;aperture&quot;:&quot;22&quot;,&quot;credit&quot;:&quot;Michael C. Johnson&quot;,&quot;camera&quot;:&quot;Canon EOS R3&quot;,&quot;caption&quot;:&quot;April 1, 2026; Ft. Worth, Texas, USA;  NASCAR O\\u00d5Reilly Auto Parts Series driver William Sawalich (18) during practice for the 22nd Annual Andy\\u00d5s Frozen Custard 340 race at Texas Motor Speedway.   Photo Credit: Michael C. Johnson&quot;,&quot;created_timestamp&quot;:&quot;1777672866&quot;,&quot;copyright&quot;:&quot;Michael C. Johnson&quot;,&quot;focal_length&quot;:&quot;285&quot;,&quot;iso&quot;:&quot;4000&quot;,&quot;shutter_speed&quot;:&quot;0.000625&quot;,&quot;title&quot;:&quot;NASCAR: NASCAR O;Reilly Series at Texas Motor Speedway&quot;,&quot;orientation&quot;:&quot;1&quot;}\" data-image-title=\"NASCAR: NASCAR O;Reilly Series at Texas Motor Speedway\" data-image-description=\"\" data-image-caption=\"&lt;p&gt;April 1, 2026; Ft. Worth, Texas, USA;  NASCAR O\u00d5Reilly Auto Parts Series driver William Sawalich (18) during practice for the 22nd Annual Andy\u00d5s Frozen Custard 340 race at Texas Motor Speedway.   Photo Credit: Michael C. Johnson&lt;\/p&gt;\n\" data-large-file=\"https:\/\/i0.wp.com\/racedaysa.com\/wp-content\/uploads\/2026\/05\/32_6232a-scaled.jpg?fit=640%2C427\" aria-describedby=\"caption-attachment-57641\" class=\"size-large wp-image-57641\" src=\"https:\/\/i0.wp.com\/racedaysa.com\/wp-content\/uploads\/2026\/05\/32_6232a.jpg?resize=640%2C427\" alt=\"\" width=\"640\" height=\"427\" srcset=\"https:\/\/i0.wp.com\/racedaysa.com\/wp-content\/uploads\/2026\/05\/32_6232a-scaled.jpg?resize=640%2C427 640w, https:\/\/i0.wp.com\/racedaysa.com\/wp-content\/uploads\/2026\/05\/32_6232a-scaled.jpg?resize=300%2C200 300w, https:\/\/i0.wp.com\/racedaysa.com\/wp-content\/uploads\/2026\/05\/32_6232a-scaled.jpg?resize=768%2C512 768w, https:\/\/i0.wp.com\/racedaysa.com\/wp-content\/uploads\/2026\/05\/32_6232a-scaled.jpg?resize=1536%2C1024 1536w, https:\/\/i0.wp.com\/racedaysa.com\/wp-content\/uploads\/2026\/05\/32_6232a-scaled.jpg?resize=2048%2C1366 2048w, https:\/\/i0.wp.com\/racedaysa.com\/wp-content\/uploads\/2026\/05\/32_6232a-scaled.jpg?resize=284%2C190 284w, https:\/\/i0.wp.com\/racedaysa.com\/wp-content\/uploads\/2026\/05\/32_6232a-scaled.jpg?resize=99%2C66 99w\" sizes=\"auto, (max-width: 640px) 100vw, 640px\" \/><p id=\"caption-attachment-57641\" class=\"wp-caption-text\">April 1, 2026; Ft. Worth, Texas, USA; NASCAR O\u00d5Reilly Auto Parts Series driver William Sawalich (18) during practice for the 22nd Annual Andy\u00d5s Frozen Custard 340 race at Texas Motor Speedway. Photo Credit: Michael C. Johnson<\/p><\/div>\n","protected":false},"excerpt":{"rendered":"<p>FORT WORTH,&nbsp; Texas &#8211; Photos from Friday&#8217;s NASCAR O&#8217;Reilly Auto Parts Series qualifying at Texas Motor Speedway. All photos are provided courtesy of Michael C. Johnson. &nbsp; &nbsp; &nbsp; &nbsp; &nbsp; &nbsp; &nbsp; &nbsp; &nbsp; &nbsp; &nbsp; &nbsp; &nbsp; &nbsp; &nbsp; &nbsp; &nbsp; &nbsp; &nbsp; &nbsp; &nbsp; &nbsp; &nbsp; &nbsp; &nbsp; &nbsp; &nbsp; &nbsp; &nbsp; [&hellip;]<\/p>\n","protected":false},"author":676,"featured_media":57666,"comment_status":"closed","ping_status":"open","sticky":false,"template":"","format":"standard","meta":{"ngg_post_thumbnail":0,"jetpack_post_was_ever_published":false,"_jetpack_newsletter_access":"","_jetpack_dont_email_post_to_subs":false,"_jetpack_newsletter_tier_id":0,"_jetpack_memberships_contains_paywalled_content":false,"_jetpack_memberships_contains_paid_content":false,"footnotes":"","jetpack_publicize_message":"","jetpack_publicize_feature_enabled":true,"jetpack_social_post_already_shared":true,"jetpack_social_options":{"image_generator_settings":{"template":"highway","default_image_id":0,"font":"","enabled":false},"version":2}},"categories":[11,13],"tags":[16,1147,21],"class_list":["post-57639","post","type-post","status-publish","format-standard","has-post-thumbnail","hentry","category-nascar","category-texas-motor-speedway","tag-nascar","tag-nascar-oreilly-auto-parts-series","tag-texas-motor-speedway"],"jetpack_publicize_connections":[],"jetpack_featured_media_url":"https:\/\/i0.wp.com\/racedaysa.com\/wp-content\/uploads\/2026\/05\/32_6391a-scaled.jpg?fit=2560%2C1707","jetpack_sharing_enabled":true,"jetpack_shortlink":"https:\/\/wp.me\/p7hzTZ-eZF","jetpack-related-posts":[],"jetpack_likes_enabled":true,"_links":{"self":[{"href":"http:\/\/racedaysa.com\/index.php\/wp-json\/wp\/v2\/posts\/57639","targetHints":{"allow":["GET"]}}],"collection":[{"href":"http:\/\/racedaysa.com\/index.php\/wp-json\/wp\/v2\/posts"}],"about":[{"href":"http:\/\/racedaysa.com\/index.php\/wp-json\/wp\/v2\/types\/post"}],"author":[{"embeddable":true,"href":"http:\/\/racedaysa.com\/index.php\/wp-json\/wp\/v2\/users\/676"}],"replies":[{"embeddable":true,"href":"http:\/\/racedaysa.com\/index.php\/wp-json\/wp\/v2\/comments?post=57639"}],"version-history":[{"count":4,"href":"http:\/\/racedaysa.com\/index.php\/wp-json\/wp\/v2\/posts\/57639\/revisions"}],"predecessor-version":[{"id":57695,"href":"http:\/\/racedaysa.com\/index.php\/wp-json\/wp\/v2\/posts\/57639\/revisions\/57695"}],"wp:featuredmedia":[{"embeddable":true,"href":"http:\/\/racedaysa.com\/index.php\/wp-json\/wp\/v2\/media\/57666"}],"wp:attachment":[{"href":"http:\/\/racedaysa.com\/index.php\/wp-json\/wp\/v2\/media?parent=57639"}],"wp:term":[{"taxonomy":"category","embeddable":true,"href":"http:\/\/racedaysa.com\/index.php\/wp-json\/wp\/v2\/categories?post=57639"},{"taxonomy":"post_tag","embeddable":true,"href":"http:\/\/racedaysa.com\/index.php\/wp-json\/wp\/v2\/tags?post=57639"}],"curies":[{"name":"wp","href":"https:\/\/api.w.org\/{rel}","templated":true}]}}